{"id":8507,"date":"2018-10-02T14:49:19","date_gmt":"2018-10-02T12:49:19","guid":{"rendered":"https:\/\/www.asseguris.com\/asseguris-i-serhs-serveis-obren-la-primera-gestoria-serhs-a-calella\/"},"modified":"2019-01-16T17:05:53","modified_gmt":"2019-01-16T16:05:53","slug":"asseguris-y-serhs-serveis-abren-la-primera-gestoria-serhs-en-calella","status":"publish","type":"post","link":"https:\/\/asseguris.com\/es\/asseguris-y-serhs-serveis-abren-la-primera-gestoria-serhs-en-calella\/","title":{"rendered":"Asseguris y SERHS Serveis abren la primera Gestor\u00eda SERHS en Calella"},"content":{"rendered":"<h2><strong>El objetivo de SERHS Serveis, con esta iniciativa, es proporcionar al cliente un trato m\u00e1s cercano y personalizado<\/strong><\/h2>\n<p>Asseguris y la divisi\u00f3n de servicios de SERHS, SERHS Serveis, pone en marcha\u00a0<strong>la primera Gestor\u00eda SERHS en el municipio de Calella,<\/strong>\u00a0en la comarca del Maresme. Ubicada en la\u00a0calle Esgl\u00e9sia, n\u00famero 343, en el centro de la ciudad, un equipo de profesionales con una larga trayectoria\u00a0<a href=\"https:\/\/serhsserveis.com\/es\/gestoria-fiscal-y-laboral-servicio-juridico-nomina-renta-y-prevencion\/\">en servicios de gestor\u00eda fiscal y contable, jur\u00eddico y laboral, y en el \u00e1mbito de los seguros<\/a>, proporcionar\u00e1n al cliente de SERHS Serveis Gestiona un trato a\u00fan m\u00e1s cercano y personalizado.<\/p>\n<p>El nuevo espacio, que cuenta con 200m<sup>2<\/sup>, ha sido pensado y\u00a0<strong>dise\u00f1ado para acoger al cliente y proporcionarle la mejor experiencia posible, con un innovador modelo de atenci\u00f3n personalizada<\/strong>\u00a0en el que prevalece el trato humano y la proximidad en el proceso de informaci\u00f3n y contrataci\u00f3n de servicios de gestor\u00eda. La ubicaci\u00f3n y simplicidad de los espacios en los que el cliente ser\u00e1 atendido, permitir\u00e1n transmitir major los valores vinculados a la propia unidad de negocio Gestiona como son la confianza, la transparencia y la fidelidad.<\/p>\n<p>Con la nueva gestor\u00eda de SERHS Serveis a pie de calle, la divisi\u00f3n conf\u00eda poder incidir en aspectos como la comunicaci\u00f3n directa con la que\u00a0<strong>dar a conocer mejor el cat\u00e1logo de productos y servicios disponible, as\u00ed como todo el potencial que ofrece el servicio integral<\/strong>\u00a0de SERHS Serveis Gestiona. Por ejemplo, cualquier persona podr\u00e1 acercarse a la Gestor\u00eda de SERHS Serveis y solicitar desde un seguro para el hogar \u2013 de la mano de\u00a0Asseguris\u00a0\u2013 a una declaraci\u00f3n tributaria, pasando por el asesoramiento en materia de relaciones laborales .<\/p>\n<p>Para hacer\u00a0lo m\u00e1s de accesible posible\u00a0la nueva Gestor\u00eda de SERHS Serveis,\u00a0<strong>el horario de atenci\u00f3n al p\u00fablico ser\u00e1 de lunes a viernes, de 9 a 14h y de 16 a 19h, y s\u00e1bados por la ma\u00f1ana, de 10 a 14h<\/strong>, para todas aquellas personas que durante la semana no disponen de tiempo para sus gestiones.<\/p>\n<p><strong>Una inauguraci\u00f3n exitosa<\/strong><\/p>\n<p>Esta misma tarde de viernes, la nueva gestor\u00eda de SERHS Serveis ha celebrado una sencilla inauguraci\u00f3n, a la que han asistido\u00a0<strong>representantes<\/strong>\u00a0del\u00a0<strong>comercio<\/strong>\u00a0en Calella,\u00a0<strong>clientes<\/strong>\u00a0de SERHS Serveis y\u00a0<strong>profesionales<\/strong>\u00a0de la divisi\u00f3n, as\u00ed como\u00a0<strong>socios<\/strong>\u00a0de la corporaci\u00f3n.<\/p>\n<p>Todo el mundo se ha acercado hasta la nueva sede de SERHS Serveis Gestiona de la calle de l\u2019Esgl\u00e9sia para conocer el espacio y el personal profesional que estar\u00e1 a su disposici\u00f3n desde hoy mismo.<\/p>\n","protected":false},"excerpt":{"rendered":"<p>El objetivo de SERHS Serveis, con esta iniciativa, es proporcionar al cliente un trato m\u00e1s cercano y personalizado Asseguris y la divisi\u00f3n de servicios de SERHS, SERHS Serveis, pone en marcha\u00a0la primera Gestor\u00eda SERHS en el municipio de Calella,\u00a0en la comarca del Maresme. Ubicada en la\u00a0calle Esgl\u00e9sia, n\u00famero 343, en el centro de la ciudad,<\/p>\n","protected":false},"author":5,"featured_media":8505,"comment_status":"closed","ping_status":"closed","sticky":false,"template":"","format":"standard","meta":{"footnotes":""},"categories":[2],"tags":[],"class_list":["post-8507","post","type-post","status-publish","format-standard","has-post-thumbnail","hentry","category-seguros"],"yoast_head":"<!-- This site is optimized with the Yoast SEO plugin v27.5 - https:\/\/yoast.com\/product\/yoast-seo-wordpress\/ -->\n<title>Asseguris y SERHS Serveis abren la primera Gestor\u00eda SERHS en Calella - ASSEGURIS<\/title>\n<meta name=\"robots\" content=\"index, follow, max-snippet:-1, max-image-preview:large, max-video-preview:-1\" \/>\n<link rel=\"canonical\" href=\"https:\/\/asseguris.com\/es\/asseguris-y-serhs-serveis-abren-la-primera-gestoria-serhs-en-calella\/\" \/>\n<meta property=\"og:locale\" content=\"es_ES\" \/>\n<meta property=\"og:type\" content=\"article\" \/>\n<meta property=\"og:title\" content=\"Asseguris y SERHS Serveis abren la primera Gestor\u00eda SERHS en Calella - ASSEGURIS\" \/>\n<meta property=\"og:description\" content=\"El objetivo de SERHS Serveis, con esta iniciativa, es proporcionar al cliente un trato m\u00e1s cercano y personalizado Asseguris y la divisi\u00f3n de servicios de SERHS, SERHS Serveis, pone en marcha\u00a0la primera Gestor\u00eda SERHS en el municipio de Calella,\u00a0en la comarca del Maresme. Ubicada en la\u00a0calle Esgl\u00e9sia, n\u00famero 343, en el centro de la ciudad,\" \/>\n<meta property=\"og:url\" content=\"https:\/\/asseguris.com\/es\/asseguris-y-serhs-serveis-abren-la-primera-gestoria-serhs-en-calella\/\" \/>\n<meta property=\"og:site_name\" content=\"ASSEGURIS\" \/>\n<meta property=\"article:published_time\" content=\"2018-10-02T12:49:19+00:00\" \/>\n<meta property=\"article:modified_time\" content=\"2019-01-16T16:05:53+00:00\" \/>\n<meta property=\"og:image\" content=\"https:\/\/asseguris.com\/wp-content\/uploads\/2018\/11\/Asseguris-Gestoria-SERHS-Serveis-Gestiona-a-Calella-Pineda.jpg\" \/>\n\t<meta property=\"og:image:width\" content=\"1000\" \/>\n\t<meta property=\"og:image:height\" content=\"563\" \/>\n\t<meta property=\"og:image:type\" content=\"image\/jpeg\" \/>\n<meta name=\"author\" content=\"rf\" \/>\n<meta name=\"twitter:card\" content=\"summary_large_image\" \/>\n<meta name=\"twitter:label1\" content=\"Escrito por\" \/>\n\t<meta name=\"twitter:data1\" content=\"rf\" \/>\n\t<meta name=\"twitter:label2\" content=\"Tiempo de lectura\" \/>\n\t<meta name=\"twitter:data2\" content=\"2 minutos\" \/>\n<script type=\"application\/ld+json\" class=\"yoast-schema-graph\">{\"@context\":\"https:\\\/\\\/schema.org\",\"@graph\":[{\"@type\":\"Article\",\"@id\":\"https:\\\/\\\/asseguris.com\\\/es\\\/asseguris-y-serhs-serveis-abren-la-primera-gestoria-serhs-en-calella\\\/#article\",\"isPartOf\":{\"@id\":\"https:\\\/\\\/asseguris.com\\\/es\\\/asseguris-y-serhs-serveis-abren-la-primera-gestoria-serhs-en-calella\\\/\"},\"author\":{\"name\":\"rf\",\"@id\":\"https:\\\/\\\/asseguris.com\\\/es\\\/#\\\/schema\\\/person\\\/14dfd815c233394cb2ca29ea2ef60d5d\"},\"headline\":\"Asseguris y SERHS Serveis abren la primera Gestor\u00eda SERHS en Calella\",\"datePublished\":\"2018-10-02T12:49:19+00:00\",\"dateModified\":\"2019-01-16T16:05:53+00:00\",\"mainEntityOfPage\":{\"@id\":\"https:\\\/\\\/asseguris.com\\\/es\\\/asseguris-y-serhs-serveis-abren-la-primera-gestoria-serhs-en-calella\\\/\"},\"wordCount\":453,\"image\":{\"@id\":\"https:\\\/\\\/asseguris.com\\\/es\\\/asseguris-y-serhs-serveis-abren-la-primera-gestoria-serhs-en-calella\\\/#primaryimage\"},\"thumbnailUrl\":\"https:\\\/\\\/asseguris.com\\\/wp-content\\\/uploads\\\/2018\\\/11\\\/Asseguris-Gestoria-SERHS-Serveis-Gestiona-a-Calella-Pineda.jpg\",\"articleSection\":[\"Seguros\"],\"inLanguage\":\"es\"},{\"@type\":\"WebPage\",\"@id\":\"https:\\\/\\\/asseguris.com\\\/es\\\/asseguris-y-serhs-serveis-abren-la-primera-gestoria-serhs-en-calella\\\/\",\"url\":\"https:\\\/\\\/asseguris.com\\\/es\\\/asseguris-y-serhs-serveis-abren-la-primera-gestoria-serhs-en-calella\\\/\",\"name\":\"Asseguris y SERHS Serveis abren la primera Gestor\u00eda SERHS en Calella - ASSEGURIS\",\"isPartOf\":{\"@id\":\"https:\\\/\\\/asseguris.com\\\/es\\\/#website\"},\"primaryImageOfPage\":{\"@id\":\"https:\\\/\\\/asseguris.com\\\/es\\\/asseguris-y-serhs-serveis-abren-la-primera-gestoria-serhs-en-calella\\\/#primaryimage\"},\"image\":{\"@id\":\"https:\\\/\\\/asseguris.com\\\/es\\\/asseguris-y-serhs-serveis-abren-la-primera-gestoria-serhs-en-calella\\\/#primaryimage\"},\"thumbnailUrl\":\"https:\\\/\\\/asseguris.com\\\/wp-content\\\/uploads\\\/2018\\\/11\\\/Asseguris-Gestoria-SERHS-Serveis-Gestiona-a-Calella-Pineda.jpg\",\"datePublished\":\"2018-10-02T12:49:19+00:00\",\"dateModified\":\"2019-01-16T16:05:53+00:00\",\"author\":{\"@id\":\"https:\\\/\\\/asseguris.com\\\/es\\\/#\\\/schema\\\/person\\\/14dfd815c233394cb2ca29ea2ef60d5d\"},\"breadcrumb\":{\"@id\":\"https:\\\/\\\/asseguris.com\\\/es\\\/asseguris-y-serhs-serveis-abren-la-primera-gestoria-serhs-en-calella\\\/#breadcrumb\"},\"inLanguage\":\"es\",\"potentialAction\":[{\"@type\":\"ReadAction\",\"target\":[\"https:\\\/\\\/asseguris.com\\\/es\\\/asseguris-y-serhs-serveis-abren-la-primera-gestoria-serhs-en-calella\\\/\"]}]},{\"@type\":\"ImageObject\",\"inLanguage\":\"es\",\"@id\":\"https:\\\/\\\/asseguris.com\\\/es\\\/asseguris-y-serhs-serveis-abren-la-primera-gestoria-serhs-en-calella\\\/#primaryimage\",\"url\":\"https:\\\/\\\/asseguris.com\\\/wp-content\\\/uploads\\\/2018\\\/11\\\/Asseguris-Gestoria-SERHS-Serveis-Gestiona-a-Calella-Pineda.jpg\",\"contentUrl\":\"https:\\\/\\\/asseguris.com\\\/wp-content\\\/uploads\\\/2018\\\/11\\\/Asseguris-Gestoria-SERHS-Serveis-Gestiona-a-Calella-Pineda.jpg\",\"width\":1000,\"height\":563,\"caption\":\"Asseguris SERHS Serveis - Seguros y Gestor\u00eda en Calella\"},{\"@type\":\"BreadcrumbList\",\"@id\":\"https:\\\/\\\/asseguris.com\\\/es\\\/asseguris-y-serhs-serveis-abren-la-primera-gestoria-serhs-en-calella\\\/#breadcrumb\",\"itemListElement\":[{\"@type\":\"ListItem\",\"position\":1,\"name\":\"Portada\",\"item\":\"https:\\\/\\\/asseguris.com\\\/\"},{\"@type\":\"ListItem\",\"position\":2,\"name\":\"Asseguris y SERHS Serveis abren la primera Gestor\u00eda SERHS en Calella\"}]},{\"@type\":\"WebSite\",\"@id\":\"https:\\\/\\\/asseguris.com\\\/es\\\/#website\",\"url\":\"https:\\\/\\\/asseguris.com\\\/es\\\/\",\"name\":\"ASSEGURIS\",\"description\":\"Especialistas en seguros para empresas en Pineda de Mar y Calella\",\"potentialAction\":[{\"@type\":\"SearchAction\",\"target\":{\"@type\":\"EntryPoint\",\"urlTemplate\":\"https:\\\/\\\/asseguris.com\\\/es\\\/?s={search_term_string}\"},\"query-input\":{\"@type\":\"PropertyValueSpecification\",\"valueRequired\":true,\"valueName\":\"search_term_string\"}}],\"inLanguage\":\"es\"},{\"@type\":\"Person\",\"@id\":\"https:\\\/\\\/asseguris.com\\\/es\\\/#\\\/schema\\\/person\\\/14dfd815c233394cb2ca29ea2ef60d5d\",\"name\":\"rf\",\"url\":\"https:\\\/\\\/asseguris.com\\\/es\\\/author\\\/rf\\\/\"}]}<\/script>\n<!-- \/ Yoast SEO plugin. -->","yoast_head_json":{"title":"Asseguris y SERHS Serveis abren la primera Gestor\u00eda SERHS en Calella - ASSEGURIS","robots":{"index":"index","follow":"follow","max-snippet":"max-snippet:-1","max-image-preview":"max-image-preview:large","max-video-preview":"max-video-preview:-1"},"canonical":"https:\/\/asseguris.com\/es\/asseguris-y-serhs-serveis-abren-la-primera-gestoria-serhs-en-calella\/","og_locale":"es_ES","og_type":"article","og_title":"Asseguris y SERHS Serveis abren la primera Gestor\u00eda SERHS en Calella - ASSEGURIS","og_description":"El objetivo de SERHS Serveis, con esta iniciativa, es proporcionar al cliente un trato m\u00e1s cercano y personalizado Asseguris y la divisi\u00f3n de servicios de SERHS, SERHS Serveis, pone en marcha\u00a0la primera Gestor\u00eda SERHS en el municipio de Calella,\u00a0en la comarca del Maresme. Ubicada en la\u00a0calle Esgl\u00e9sia, n\u00famero 343, en el centro de la ciudad,","og_url":"https:\/\/asseguris.com\/es\/asseguris-y-serhs-serveis-abren-la-primera-gestoria-serhs-en-calella\/","og_site_name":"ASSEGURIS","article_published_time":"2018-10-02T12:49:19+00:00","article_modified_time":"2019-01-16T16:05:53+00:00","og_image":[{"width":1000,"height":563,"url":"https:\/\/asseguris.com\/wp-content\/uploads\/2018\/11\/Asseguris-Gestoria-SERHS-Serveis-Gestiona-a-Calella-Pineda.jpg","type":"image\/jpeg"}],"author":"rf","twitter_card":"summary_large_image","twitter_misc":{"Escrito por":"rf","Tiempo de lectura":"2 minutos"},"schema":{"@context":"https:\/\/schema.org","@graph":[{"@type":"Article","@id":"https:\/\/asseguris.com\/es\/asseguris-y-serhs-serveis-abren-la-primera-gestoria-serhs-en-calella\/#article","isPartOf":{"@id":"https:\/\/asseguris.com\/es\/asseguris-y-serhs-serveis-abren-la-primera-gestoria-serhs-en-calella\/"},"author":{"name":"rf","@id":"https:\/\/asseguris.com\/es\/#\/schema\/person\/14dfd815c233394cb2ca29ea2ef60d5d"},"headline":"Asseguris y SERHS Serveis abren la primera Gestor\u00eda SERHS en Calella","datePublished":"2018-10-02T12:49:19+00:00","dateModified":"2019-01-16T16:05:53+00:00","mainEntityOfPage":{"@id":"https:\/\/asseguris.com\/es\/asseguris-y-serhs-serveis-abren-la-primera-gestoria-serhs-en-calella\/"},"wordCount":453,"image":{"@id":"https:\/\/asseguris.com\/es\/asseguris-y-serhs-serveis-abren-la-primera-gestoria-serhs-en-calella\/#primaryimage"},"thumbnailUrl":"https:\/\/asseguris.com\/wp-content\/uploads\/2018\/11\/Asseguris-Gestoria-SERHS-Serveis-Gestiona-a-Calella-Pineda.jpg","articleSection":["Seguros"],"inLanguage":"es"},{"@type":"WebPage","@id":"https:\/\/asseguris.com\/es\/asseguris-y-serhs-serveis-abren-la-primera-gestoria-serhs-en-calella\/","url":"https:\/\/asseguris.com\/es\/asseguris-y-serhs-serveis-abren-la-primera-gestoria-serhs-en-calella\/","name":"Asseguris y SERHS Serveis abren la primera Gestor\u00eda SERHS en Calella - ASSEGURIS","isPartOf":{"@id":"https:\/\/asseguris.com\/es\/#website"},"primaryImageOfPage":{"@id":"https:\/\/asseguris.com\/es\/asseguris-y-serhs-serveis-abren-la-primera-gestoria-serhs-en-calella\/#primaryimage"},"image":{"@id":"https:\/\/asseguris.com\/es\/asseguris-y-serhs-serveis-abren-la-primera-gestoria-serhs-en-calella\/#primaryimage"},"thumbnailUrl":"https:\/\/asseguris.com\/wp-content\/uploads\/2018\/11\/Asseguris-Gestoria-SERHS-Serveis-Gestiona-a-Calella-Pineda.jpg","datePublished":"2018-10-02T12:49:19+00:00","dateModified":"2019-01-16T16:05:53+00:00","author":{"@id":"https:\/\/asseguris.com\/es\/#\/schema\/person\/14dfd815c233394cb2ca29ea2ef60d5d"},"breadcrumb":{"@id":"https:\/\/asseguris.com\/es\/asseguris-y-serhs-serveis-abren-la-primera-gestoria-serhs-en-calella\/#breadcrumb"},"inLanguage":"es","potentialAction":[{"@type":"ReadAction","target":["https:\/\/asseguris.com\/es\/asseguris-y-serhs-serveis-abren-la-primera-gestoria-serhs-en-calella\/"]}]},{"@type":"ImageObject","inLanguage":"es","@id":"https:\/\/asseguris.com\/es\/asseguris-y-serhs-serveis-abren-la-primera-gestoria-serhs-en-calella\/#primaryimage","url":"https:\/\/asseguris.com\/wp-content\/uploads\/2018\/11\/Asseguris-Gestoria-SERHS-Serveis-Gestiona-a-Calella-Pineda.jpg","contentUrl":"https:\/\/asseguris.com\/wp-content\/uploads\/2018\/11\/Asseguris-Gestoria-SERHS-Serveis-Gestiona-a-Calella-Pineda.jpg","width":1000,"height":563,"caption":"Asseguris SERHS Serveis - Seguros y Gestor\u00eda en Calella"},{"@type":"BreadcrumbList","@id":"https:\/\/asseguris.com\/es\/asseguris-y-serhs-serveis-abren-la-primera-gestoria-serhs-en-calella\/#breadcrumb","itemListElement":[{"@type":"ListItem","position":1,"name":"Portada","item":"https:\/\/asseguris.com\/"},{"@type":"ListItem","position":2,"name":"Asseguris y SERHS Serveis abren la primera Gestor\u00eda SERHS en Calella"}]},{"@type":"WebSite","@id":"https:\/\/asseguris.com\/es\/#website","url":"https:\/\/asseguris.com\/es\/","name":"ASSEGURIS","description":"Especialistas en seguros para empresas en Pineda de Mar y Calella","potentialAction":[{"@type":"SearchAction","target":{"@type":"EntryPoint","urlTemplate":"https:\/\/asseguris.com\/es\/?s={search_term_string}"},"query-input":{"@type":"PropertyValueSpecification","valueRequired":true,"valueName":"search_term_string"}}],"inLanguage":"es"},{"@type":"Person","@id":"https:\/\/asseguris.com\/es\/#\/schema\/person\/14dfd815c233394cb2ca29ea2ef60d5d","name":"rf","url":"https:\/\/asseguris.com\/es\/author\/rf\/"}]}},"_links":{"self":[{"href":"https:\/\/asseguris.com\/es\/wp-json\/wp\/v2\/posts\/8507","targetHints":{"allow":["GET"]}}],"collection":[{"href":"https:\/\/asseguris.com\/es\/wp-json\/wp\/v2\/posts"}],"about":[{"href":"https:\/\/asseguris.com\/es\/wp-json\/wp\/v2\/types\/post"}],"author":[{"embeddable":true,"href":"https:\/\/asseguris.com\/es\/wp-json\/wp\/v2\/users\/5"}],"replies":[{"embeddable":true,"href":"https:\/\/asseguris.com\/es\/wp-json\/wp\/v2\/comments?post=8507"}],"version-history":[{"count":0,"href":"https:\/\/asseguris.com\/es\/wp-json\/wp\/v2\/posts\/8507\/revisions"}],"wp:featuredmedia":[{"embeddable":true,"href":"https:\/\/asseguris.com\/es\/wp-json\/wp\/v2\/media\/8505"}],"wp:attachment":[{"href":"https:\/\/asseguris.com\/es\/wp-json\/wp\/v2\/media?parent=8507"}],"wp:term":[{"taxonomy":"category","embeddable":true,"href":"https:\/\/asseguris.com\/es\/wp-json\/wp\/v2\/categories?post=8507"},{"taxonomy":"post_tag","embeddable":true,"href":"https:\/\/asseguris.com\/es\/wp-json\/wp\/v2\/tags?post=8507"}],"curies":[{"name":"wp","href":"https:\/\/api.w.org\/{rel}","templated":true}]}}