{"id":25307,"date":"2023-07-12T10:04:48","date_gmt":"2023-07-12T08:04:48","guid":{"rendered":"https:\/\/asseguris.com\/?p=25307"},"modified":"2023-07-13T12:25:00","modified_gmt":"2023-07-13T10:25:00","slug":"tienes-toda-la-tranquilidad-para-irte-de-vacaciones","status":"publish","type":"post","link":"https:\/\/asseguris.com\/es\/tienes-toda-la-tranquilidad-para-irte-de-vacaciones\/","title":{"rendered":"\u00bfTienes toda la tranquilidad para irte de vacaciones?"},"content":{"rendered":"<h3>Antes de irte de vacaciones,&#8230; \u00a1aseg\u00farate de tenerlo todo bien cubierto en tu empresa!<\/h3>\n<p>Los <a href=\"https:\/\/asseguris.com\/es\/productes\/seguro-responsabilidad-civil\/\"><strong>seguros de responsabilidad civil para empresa<\/strong><\/a>\u00a0protegen tu patrimonio frente a reclamaciones que puedan hacer terceros despu\u00e9s de sufrir da\u00f1os, personales o materiales, derivados del ejercicio de la actividad de tu compa\u00f1\u00eda: la reclamaci\u00f3n de un cliente o un sencillo error humano, pueden desestabilizar tu negocio, y m\u00e1s en \u00e9poca de vacaciones. En <strong>Asseguris<\/strong> sabemos que lo importante es que el patrimonio de tu empresa no se vea comprometido.<\/p>\n<p>Te proponemos disponer de un <strong><a href=\"https:\/\/asseguris.com\/es\/productes\/seguro-responsabilidad-civil\/\">seguro de responsabilidad civil<\/a>\u00a0<\/strong>con las m\u00e1ximas coberturas garantizadas, adem\u00e1s de contar con un equipo de profesionales detr\u00e1s que te ofrezca el mejor asesoramiento personalizado.<\/p>\n<p>El <strong>seguro de responsabilidad civil para empresas<\/strong>, es la forma de cuidar tu negocio en caso de demandas por <strong>da\u00f1os y perjuicios a terceros<\/strong>, cubriendo los gastos relacionados con las demandas, tales como los gastos legales, los costes de liquidaci\u00f3n y cualquier otra indemnizaci\u00f3n.<\/p>\n<p>Los <strong>detalles de la cobertura<\/strong> pueden variar seg\u00fan cada p\u00f3liza y empresa aseguradora, para encontrar la mejor soluci\u00f3n adaptada a las necesidades de tu empresa. Por eso desde <strong>Asseguris<\/strong> te ayudamos: al ser corredur\u00eda, trabajamos con las <strong>mejores compa\u00f1\u00edas de seguros del mercado<\/strong>, especialistas en empresas y ofreci\u00e9ndole el m\u00e1s amplio abanico de coberturas.<\/p>\n<p><img loading=\"lazy\" decoding=\"async\" class=\"alignnone wp-image-25308 size-full\" src=\"https:\/\/asseguris.com\/wp-content\/uploads\/2023\/07\/Seguro-RC-Empresas-LinkedIn.jpg\" alt=\"\" width=\"1080\" height=\"793\" srcset=\"https:\/\/asseguris.com\/wp-content\/uploads\/2023\/07\/Seguro-RC-Empresas-LinkedIn.jpg 1080w, https:\/\/asseguris.com\/wp-content\/uploads\/2023\/07\/Seguro-RC-Empresas-LinkedIn-768x564.jpg 768w, https:\/\/asseguris.com\/wp-content\/uploads\/2023\/07\/Seguro-RC-Empresas-LinkedIn-255x187.jpg 255w\" sizes=\"auto, (max-width: 1080px) 100vw, 1080px\" \/><\/p>\n<h3>\u00bfQu\u00e9 ventajas ofrece?<\/h3>\n<p>Hay varias ventajas al contratar un <strong><a href=\"https:\/\/asseguris.com\/es\/productes\/seguro-responsabilidad-civil\/\">seguro de responsabilidad civil para una empresa<\/a><\/strong>:<\/p>\n<p>\u2714\ufe0f <strong>Seguridad financiera<\/strong>: Un seguro de responsabilidad civil protege a la empresa ante una reclamaci\u00f3n por da\u00f1os y perjuicios causados \u200b\u200ba terceros. El seguro debe cubrir tambi\u00e9n los gastos de defensa y las indemnizaciones correspondientes.<\/p>\n<p>\u2714\ufe0f <strong>Confianza y tranquilidad<\/strong>: Disponer de un seguro de RC proporciona tranquilidad y confianza tanto al negocio como a sus proveedores, clientes y colaboradores; se cuenta con una protecci\u00f3n en caso de alg\u00fan incidente grave que pueda acarrear da\u00f1os.<\/p>\n<p>\u2714\ufe0f <strong>Legalidad<\/strong>: A menudo, la contrataci\u00f3n de un <strong>seguro de Responsabilidad Civil<\/strong> es un requerimiento legal para determinadas empresas. Disponer con este seguro permite conseguir las obligaciones legales y evitar sanciones econ\u00f3micas o administrativas.<\/p>\n<p>\u2714\ufe0f <strong>Beneficio para la imagen de la empresa<\/strong>: Contar con un<strong> seguro de responsabilidad civil<\/strong> nos demuestra compromiso y responsabilidad por parte de la compa\u00f1\u00eda, lo que permite mejorar la percepci\u00f3n de nuestros clientes y la ciudadan\u00eda en general.<\/p>\n<p>\u2714\ufe0f <strong>Amplia cobertura<\/strong>: En funci\u00f3n del tipo de seguro contratado, se puede disponer de una <strong>amplia cobertura<\/strong> que contemple varios tipos de contingencias, derivadas de errores y omisiones. Esto permite estar preparados para cualquier eventualidad.<\/p>\n<h3>\u00bfQu\u00e9 tipos de seguro Responsabilidad Civil puedo contratar?<\/h3>\n<div class=\"su-row\">\n<div class=\"su-column su-column-size-1-2\"><div class=\"su-column-inner su-u-clearfix su-u-trim\">\n<p><strong>\u2714\ufe0f RESPONSABILIDAD CIVIL GENERAL:<\/strong><\/p>\n<p><img loading=\"lazy\" decoding=\"async\" class=\"alignnone size-full wp-image-25340\" src=\"https:\/\/asseguris.com\/wp-content\/uploads\/2023\/07\/rc-general.jpg\" alt=\"\" width=\"800\" height=\"480\" srcset=\"https:\/\/asseguris.com\/wp-content\/uploads\/2023\/07\/rc-general.jpg 800w, https:\/\/asseguris.com\/wp-content\/uploads\/2023\/07\/rc-general-768x461.jpg 768w, https:\/\/asseguris.com\/wp-content\/uploads\/2023\/07\/rc-general-280x168.jpg 280w\" sizes=\"auto, (max-width: 800px) 100vw, 800px\" \/><\/p>\n<p>El seguro de responsabilidad civil general cubre una <strong>amplia gama de situaciones<\/strong> en las que una empresa o individuo puede ser considerado responsable de causar da\u00f1os a terceros y paralizar la actividad del negocio. Por ejemplo, puede cubrir la <strong>responsabilidad por lesiones personales<\/strong> o da\u00f1os causados \u200b\u200bpor un accidente en el puesto de trabajo.<\/p>\n<\/div><\/div>\n<div class=\"su-column su-column-size-1-2\"><div class=\"su-column-inner su-u-clearfix su-u-trim\">\n<p><strong>\u2714\ufe0f RC ADMINISTRADORES Y DIRECTIVOS:<\/strong><\/p>\n<p><img loading=\"lazy\" decoding=\"async\" class=\"alignnone size-full wp-image-25336\" src=\"https:\/\/asseguris.com\/wp-content\/uploads\/2023\/07\/rd-directius.png\" alt=\"\" width=\"800\" height=\"479\" srcset=\"https:\/\/asseguris.com\/wp-content\/uploads\/2023\/07\/rd-directius.png 800w, https:\/\/asseguris.com\/wp-content\/uploads\/2023\/07\/rd-directius-768x460.png 768w, https:\/\/asseguris.com\/wp-content\/uploads\/2023\/07\/rd-directius-280x168.png 280w\" sizes=\"auto, (max-width: 800px) 100vw, 800px\" \/><\/p>\n<p>Tambi\u00e9n conocida como <strong>D&amp;O (Directors and Officers)<\/strong>, es un seguro dise\u00f1ado para <strong>proteger a los administradores y directivos<\/strong> de los riesgos financieros asociados a reclamaciones por responsabilidad civil provenientes de sus acciones u omisiones en sus funciones. Dado que pueden ser responsables de decisiones y acciones que puedan causar <strong>p\u00e9rdidas financieras en la empresa o terceros<\/strong>, se les puede reclamar responder con su<strong> patrimonio personal<\/strong>. Tambi\u00e9n puede cubrir los gastos de defensa legal en caso de una demanda que carezca de fundamento.<\/p>\n<\/div><\/div>\n<\/div>\n<div class=\"su-row\">\n<div class=\"su-column su-column-size-1-2\"><div class=\"su-column-inner su-u-clearfix su-u-trim\">\n<p><strong>\u2714\ufe0f RESPONSABILIDAD CIVIL PROFESIONAL:<\/strong><\/p>\n<p><img loading=\"lazy\" decoding=\"async\" class=\"alignnone size-full wp-image-25342\" src=\"https:\/\/asseguris.com\/wp-content\/uploads\/2023\/07\/rc-professional.jpg\" alt=\"\" width=\"800\" height=\"480\" srcset=\"https:\/\/asseguris.com\/wp-content\/uploads\/2023\/07\/rc-professional.jpg 800w, https:\/\/asseguris.com\/wp-content\/uploads\/2023\/07\/rc-professional-768x461.jpg 768w, https:\/\/asseguris.com\/wp-content\/uploads\/2023\/07\/rc-professional-280x168.jpg 280w\" sizes=\"auto, (max-width: 800px) 100vw, 800px\" \/><\/p>\n<p>El seguro de responsabilidad civil profesional cubre los gastos legales y cualquier indemnizaci\u00f3n que deba pagar el profesional o empresa en caso de <strong>demanda por negligencia<\/strong> o errores y omisiones. Dirigida a <strong>abogados, contables, m\u00e9dicos, arquitectos, ingenieros, agentes de seguros, consultores<\/strong> y otros profesionales que proporcionan servicios basados \u200b\u200ben conocimientos especializados.<\/p>\n<\/div><\/div>\n<div class=\"su-column su-column-size-1-2\"><div class=\"su-column-inner su-u-clearfix su-u-trim\">\n<p><strong>\u2714\ufe0f RESPONSABILIDAD CIVIL DE CONSTRUCCI\u00d3N:<\/strong><\/p>\n<p><img loading=\"lazy\" decoding=\"async\" class=\"alignnone size-full wp-image-25338\" src=\"https:\/\/asseguris.com\/wp-content\/uploads\/2023\/07\/rc-construccio.jpg\" alt=\"\" width=\"800\" height=\"480\" srcset=\"https:\/\/asseguris.com\/wp-content\/uploads\/2023\/07\/rc-construccio.jpg 800w, https:\/\/asseguris.com\/wp-content\/uploads\/2023\/07\/rc-construccio-768x461.jpg 768w, https:\/\/asseguris.com\/wp-content\/uploads\/2023\/07\/rc-construccio-280x168.jpg 280w\" sizes=\"auto, (max-width: 800px) 100vw, 800px\" \/><\/p>\n<p>Dise\u00f1ada para <strong>proteger a las empresas de construcci\u00f3n<\/strong> de los riesgos financieros asociados con reclamaciones por da\u00f1os o lesiones que puedan producirse durante el proceso de construcci\u00f3n de un proyecto. Cubre los <strong>da\u00f1os o lesiones que puedan ocurrir a terceros<\/strong>, incluyendo a los trabajadores, visitantes y vecinos de la construcci\u00f3n. Tambi\u00e9n cubre los da\u00f1os a la propiedad que puedan resultar de la construcci\u00f3n, incluyendo los da\u00f1os a los edificios o estructuras cercanas, y es un <strong>seguro obligatorio en muchos pa\u00edses<\/strong>.<\/p>\n<\/div><\/div>\n<\/div>\n<p>&nbsp;<\/p>\n<p>En resumen, un seguro de responsabilidad civil protege tu patrimonio y el de tu empresa, transfiriendo el riesgo a una compa\u00f1\u00eda aseguradora.<\/p>\n<blockquote><p><em>Asegura tu negocio, asegura tu tranquilidad<\/em><\/p><\/blockquote>\n<p>\u00bfQuieres m\u00e1s informaci\u00f3n sobre <strong><a href=\"https:\/\/asseguris.com\/es\/productes\/seguro-responsabilidad-civil\/\">Seguros de responsabilidad civil para empresas<\/a>?<\/strong><\/p>\n<p style=\"text-align: center;\"><a href=\"https:\/\/asseguris.com\/es\/solicita-informacion-seguros-particulares-y-empresas-pineda-de-mar\/\" class=\"su-button su-button-style-flat\" style=\"color:#FFFFFF;background-color:#66008c;border-color:#520070;border-radius:5px\" target=\"_blank\" rel=\"noopener noreferrer\"><span style=\"color:#FFFFFF;padding:0px 22px;font-size:17px;line-height:34px;border-color:#944daf;border-radius:5px;text-shadow:none\"> \u00a1\u00a1Cons\u00faltanos!!<\/span><\/a>\n<p style=\"text-align: center;\"><img decoding=\"async\" class=\"aligncenter\" src=\"https:\/\/asseguris.com\/wp-content\/uploads\/2021\/07\/75ef49c9-cb0d-445a-847f-ec6497859759.gif\" \/><br \/>\nSi necesitas m\u00e1s informaci\u00f3n, cont\u00e1ctanos en\u00a0<a href=\"mailto:asseguris@asseguris.com\" target=\"_blank\" rel=\"noopener\"><strong>asseguris@asseguris.com<\/strong><\/a>\u00a0o por tel\u00e9fono o whatsapp al\u00a0<strong><a href=\"https:\/\/api.whatsapp.com\/send?phone=34639673008&amp;text=Hola\" target=\"_blank\" rel=\"noopener\">639\u00b767\u00b730\u00b708<\/a><\/strong>.<\/p>\n<h4 style=\"text-align: center;\">\u00a1Estaremos encantados\/as de ayudarte!<\/h4>\n","protected":false},"excerpt":{"rendered":"<p>Antes de irte de vacaciones,&#8230; \u00a1aseg\u00farate de tenerlo todo bien cubierto en tu empresa! Los seguros de responsabilidad civil para empresa\u00a0protegen tu patrimonio frente a reclamaciones que puedan hacer terceros despu\u00e9s de sufrir da\u00f1os, personales o materiales, derivados del ejercicio de la actividad de tu compa\u00f1\u00eda: la reclamaci\u00f3n de un cliente o un sencillo error<\/p>\n","protected":false},"author":5,"featured_media":25376,"comment_status":"closed","ping_status":"closed","sticky":false,"template":"","format":"standard","meta":{"footnotes":""},"categories":[173,2],"tags":[],"class_list":["post-25307","post","type-post","status-publish","format-standard","has-post-thumbnail","hentry","category-correduria-de-seguros","category-seguros"],"yoast_head":"<!-- This site is optimized with the Yoast SEO plugin v27.5 - https:\/\/yoast.com\/product\/yoast-seo-wordpress\/ -->\n<title>\u00bfTienes toda la tranquilidad para irte de vacaciones? - ASSEGURIS<\/title>\n<meta name=\"description\" content=\"Protege tu negocio con un seguro de responsabilidad civil para empresa con las m\u00e1ximas coberturas, de la mano de Asseguris\" \/>\n<meta name=\"robots\" content=\"index, follow, max-snippet:-1, max-image-preview:large, max-video-preview:-1\" \/>\n<link rel=\"canonical\" href=\"https:\/\/asseguris.com\/es\/tienes-toda-la-tranquilidad-para-irte-de-vacaciones\/\" \/>\n<meta property=\"og:locale\" content=\"es_ES\" \/>\n<meta property=\"og:type\" content=\"article\" \/>\n<meta property=\"og:title\" content=\"\u00bfTienes toda la tranquilidad para irte de vacaciones? - ASSEGURIS\" \/>\n<meta property=\"og:description\" content=\"Protege tu negocio con un seguro de responsabilidad civil para empresa con las m\u00e1ximas coberturas, de la mano de Asseguris\" \/>\n<meta property=\"og:url\" content=\"https:\/\/asseguris.com\/es\/tienes-toda-la-tranquilidad-para-irte-de-vacaciones\/\" \/>\n<meta property=\"og:site_name\" content=\"ASSEGURIS\" \/>\n<meta property=\"article:published_time\" content=\"2023-07-12T08:04:48+00:00\" \/>\n<meta property=\"article:modified_time\" content=\"2023-07-13T10:25:00+00:00\" \/>\n<meta property=\"og:image\" content=\"https:\/\/asseguris.com\/wp-content\/uploads\/2023\/07\/Noticia-Assegurances-RC_.jpg\" \/>\n\t<meta property=\"og:image:width\" content=\"1080\" \/>\n\t<meta property=\"og:image:height\" content=\"721\" \/>\n\t<meta property=\"og:image:type\" content=\"image\/jpeg\" \/>\n<meta name=\"author\" content=\"rf\" \/>\n<meta name=\"twitter:card\" content=\"summary_large_image\" \/>\n<meta name=\"twitter:label1\" content=\"Escrito por\" \/>\n\t<meta name=\"twitter:data1\" content=\"rf\" \/>\n\t<meta name=\"twitter:label2\" content=\"Tiempo de lectura\" \/>\n\t<meta name=\"twitter:data2\" content=\"7 minutos\" \/>\n<script type=\"application\/ld+json\" class=\"yoast-schema-graph\">{\"@context\":\"https:\\\/\\\/schema.org\",\"@graph\":[{\"@type\":\"Article\",\"@id\":\"https:\\\/\\\/asseguris.com\\\/es\\\/tienes-toda-la-tranquilidad-para-irte-de-vacaciones\\\/#article\",\"isPartOf\":{\"@id\":\"https:\\\/\\\/asseguris.com\\\/es\\\/tienes-toda-la-tranquilidad-para-irte-de-vacaciones\\\/\"},\"author\":{\"name\":\"rf\",\"@id\":\"https:\\\/\\\/asseguris.com\\\/es\\\/#\\\/schema\\\/person\\\/14dfd815c233394cb2ca29ea2ef60d5d\"},\"headline\":\"\u00bfTienes toda la tranquilidad para irte de vacaciones?\",\"datePublished\":\"2023-07-12T08:04:48+00:00\",\"dateModified\":\"2023-07-13T10:25:00+00:00\",\"mainEntityOfPage\":{\"@id\":\"https:\\\/\\\/asseguris.com\\\/es\\\/tienes-toda-la-tranquilidad-para-irte-de-vacaciones\\\/\"},\"wordCount\":881,\"image\":{\"@id\":\"https:\\\/\\\/asseguris.com\\\/es\\\/tienes-toda-la-tranquilidad-para-irte-de-vacaciones\\\/#primaryimage\"},\"thumbnailUrl\":\"https:\\\/\\\/asseguris.com\\\/wp-content\\\/uploads\\\/2023\\\/07\\\/Noticia-Assegurances-RC_.jpg\",\"articleSection\":[\"Corredur\u00eda de seguros\",\"Seguros\"],\"inLanguage\":\"es\"},{\"@type\":\"WebPage\",\"@id\":\"https:\\\/\\\/asseguris.com\\\/es\\\/tienes-toda-la-tranquilidad-para-irte-de-vacaciones\\\/\",\"url\":\"https:\\\/\\\/asseguris.com\\\/es\\\/tienes-toda-la-tranquilidad-para-irte-de-vacaciones\\\/\",\"name\":\"\u00bfTienes toda la tranquilidad para irte de vacaciones? - ASSEGURIS\",\"isPartOf\":{\"@id\":\"https:\\\/\\\/asseguris.com\\\/es\\\/#website\"},\"primaryImageOfPage\":{\"@id\":\"https:\\\/\\\/asseguris.com\\\/es\\\/tienes-toda-la-tranquilidad-para-irte-de-vacaciones\\\/#primaryimage\"},\"image\":{\"@id\":\"https:\\\/\\\/asseguris.com\\\/es\\\/tienes-toda-la-tranquilidad-para-irte-de-vacaciones\\\/#primaryimage\"},\"thumbnailUrl\":\"https:\\\/\\\/asseguris.com\\\/wp-content\\\/uploads\\\/2023\\\/07\\\/Noticia-Assegurances-RC_.jpg\",\"datePublished\":\"2023-07-12T08:04:48+00:00\",\"dateModified\":\"2023-07-13T10:25:00+00:00\",\"author\":{\"@id\":\"https:\\\/\\\/asseguris.com\\\/es\\\/#\\\/schema\\\/person\\\/14dfd815c233394cb2ca29ea2ef60d5d\"},\"description\":\"Protege tu negocio con un seguro de responsabilidad civil para empresa con las m\u00e1ximas coberturas, de la mano de Asseguris\",\"breadcrumb\":{\"@id\":\"https:\\\/\\\/asseguris.com\\\/es\\\/tienes-toda-la-tranquilidad-para-irte-de-vacaciones\\\/#breadcrumb\"},\"inLanguage\":\"es\",\"potentialAction\":[{\"@type\":\"ReadAction\",\"target\":[\"https:\\\/\\\/asseguris.com\\\/es\\\/tienes-toda-la-tranquilidad-para-irte-de-vacaciones\\\/\"]}]},{\"@type\":\"ImageObject\",\"inLanguage\":\"es\",\"@id\":\"https:\\\/\\\/asseguris.com\\\/es\\\/tienes-toda-la-tranquilidad-para-irte-de-vacaciones\\\/#primaryimage\",\"url\":\"https:\\\/\\\/asseguris.com\\\/wp-content\\\/uploads\\\/2023\\\/07\\\/Noticia-Assegurances-RC_.jpg\",\"contentUrl\":\"https:\\\/\\\/asseguris.com\\\/wp-content\\\/uploads\\\/2023\\\/07\\\/Noticia-Assegurances-RC_.jpg\",\"width\":1080,\"height\":721,\"caption\":\"Not\u00edcia-Assegurances-RC_\"},{\"@type\":\"BreadcrumbList\",\"@id\":\"https:\\\/\\\/asseguris.com\\\/es\\\/tienes-toda-la-tranquilidad-para-irte-de-vacaciones\\\/#breadcrumb\",\"itemListElement\":[{\"@type\":\"ListItem\",\"position\":1,\"name\":\"Portada\",\"item\":\"https:\\\/\\\/asseguris.com\\\/\"},{\"@type\":\"ListItem\",\"position\":2,\"name\":\"\u00bfTienes toda la tranquilidad para irte de vacaciones?\"}]},{\"@type\":\"WebSite\",\"@id\":\"https:\\\/\\\/asseguris.com\\\/es\\\/#website\",\"url\":\"https:\\\/\\\/asseguris.com\\\/es\\\/\",\"name\":\"ASSEGURIS\",\"description\":\"Especialistas en seguros para empresas en Pineda de Mar y Calella\",\"potentialAction\":[{\"@type\":\"SearchAction\",\"target\":{\"@type\":\"EntryPoint\",\"urlTemplate\":\"https:\\\/\\\/asseguris.com\\\/es\\\/?s={search_term_string}\"},\"query-input\":{\"@type\":\"PropertyValueSpecification\",\"valueRequired\":true,\"valueName\":\"search_term_string\"}}],\"inLanguage\":\"es\"},{\"@type\":\"Person\",\"@id\":\"https:\\\/\\\/asseguris.com\\\/es\\\/#\\\/schema\\\/person\\\/14dfd815c233394cb2ca29ea2ef60d5d\",\"name\":\"rf\",\"url\":\"https:\\\/\\\/asseguris.com\\\/es\\\/author\\\/rf\\\/\"}]}<\/script>\n<!-- \/ Yoast SEO plugin. -->","yoast_head_json":{"title":"\u00bfTienes toda la tranquilidad para irte de vacaciones? - ASSEGURIS","description":"Protege tu negocio con un seguro de responsabilidad civil para empresa con las m\u00e1ximas coberturas, de la mano de Asseguris","robots":{"index":"index","follow":"follow","max-snippet":"max-snippet:-1","max-image-preview":"max-image-preview:large","max-video-preview":"max-video-preview:-1"},"canonical":"https:\/\/asseguris.com\/es\/tienes-toda-la-tranquilidad-para-irte-de-vacaciones\/","og_locale":"es_ES","og_type":"article","og_title":"\u00bfTienes toda la tranquilidad para irte de vacaciones? - ASSEGURIS","og_description":"Protege tu negocio con un seguro de responsabilidad civil para empresa con las m\u00e1ximas coberturas, de la mano de Asseguris","og_url":"https:\/\/asseguris.com\/es\/tienes-toda-la-tranquilidad-para-irte-de-vacaciones\/","og_site_name":"ASSEGURIS","article_published_time":"2023-07-12T08:04:48+00:00","article_modified_time":"2023-07-13T10:25:00+00:00","og_image":[{"width":1080,"height":721,"url":"https:\/\/asseguris.com\/wp-content\/uploads\/2023\/07\/Noticia-Assegurances-RC_.jpg","type":"image\/jpeg"}],"author":"rf","twitter_card":"summary_large_image","twitter_misc":{"Escrito por":"rf","Tiempo de lectura":"7 minutos"},"schema":{"@context":"https:\/\/schema.org","@graph":[{"@type":"Article","@id":"https:\/\/asseguris.com\/es\/tienes-toda-la-tranquilidad-para-irte-de-vacaciones\/#article","isPartOf":{"@id":"https:\/\/asseguris.com\/es\/tienes-toda-la-tranquilidad-para-irte-de-vacaciones\/"},"author":{"name":"rf","@id":"https:\/\/asseguris.com\/es\/#\/schema\/person\/14dfd815c233394cb2ca29ea2ef60d5d"},"headline":"\u00bfTienes toda la tranquilidad para irte de vacaciones?","datePublished":"2023-07-12T08:04:48+00:00","dateModified":"2023-07-13T10:25:00+00:00","mainEntityOfPage":{"@id":"https:\/\/asseguris.com\/es\/tienes-toda-la-tranquilidad-para-irte-de-vacaciones\/"},"wordCount":881,"image":{"@id":"https:\/\/asseguris.com\/es\/tienes-toda-la-tranquilidad-para-irte-de-vacaciones\/#primaryimage"},"thumbnailUrl":"https:\/\/asseguris.com\/wp-content\/uploads\/2023\/07\/Noticia-Assegurances-RC_.jpg","articleSection":["Corredur\u00eda de seguros","Seguros"],"inLanguage":"es"},{"@type":"WebPage","@id":"https:\/\/asseguris.com\/es\/tienes-toda-la-tranquilidad-para-irte-de-vacaciones\/","url":"https:\/\/asseguris.com\/es\/tienes-toda-la-tranquilidad-para-irte-de-vacaciones\/","name":"\u00bfTienes toda la tranquilidad para irte de vacaciones? - ASSEGURIS","isPartOf":{"@id":"https:\/\/asseguris.com\/es\/#website"},"primaryImageOfPage":{"@id":"https:\/\/asseguris.com\/es\/tienes-toda-la-tranquilidad-para-irte-de-vacaciones\/#primaryimage"},"image":{"@id":"https:\/\/asseguris.com\/es\/tienes-toda-la-tranquilidad-para-irte-de-vacaciones\/#primaryimage"},"thumbnailUrl":"https:\/\/asseguris.com\/wp-content\/uploads\/2023\/07\/Noticia-Assegurances-RC_.jpg","datePublished":"2023-07-12T08:04:48+00:00","dateModified":"2023-07-13T10:25:00+00:00","author":{"@id":"https:\/\/asseguris.com\/es\/#\/schema\/person\/14dfd815c233394cb2ca29ea2ef60d5d"},"description":"Protege tu negocio con un seguro de responsabilidad civil para empresa con las m\u00e1ximas coberturas, de la mano de Asseguris","breadcrumb":{"@id":"https:\/\/asseguris.com\/es\/tienes-toda-la-tranquilidad-para-irte-de-vacaciones\/#breadcrumb"},"inLanguage":"es","potentialAction":[{"@type":"ReadAction","target":["https:\/\/asseguris.com\/es\/tienes-toda-la-tranquilidad-para-irte-de-vacaciones\/"]}]},{"@type":"ImageObject","inLanguage":"es","@id":"https:\/\/asseguris.com\/es\/tienes-toda-la-tranquilidad-para-irte-de-vacaciones\/#primaryimage","url":"https:\/\/asseguris.com\/wp-content\/uploads\/2023\/07\/Noticia-Assegurances-RC_.jpg","contentUrl":"https:\/\/asseguris.com\/wp-content\/uploads\/2023\/07\/Noticia-Assegurances-RC_.jpg","width":1080,"height":721,"caption":"Not\u00edcia-Assegurances-RC_"},{"@type":"BreadcrumbList","@id":"https:\/\/asseguris.com\/es\/tienes-toda-la-tranquilidad-para-irte-de-vacaciones\/#breadcrumb","itemListElement":[{"@type":"ListItem","position":1,"name":"Portada","item":"https:\/\/asseguris.com\/"},{"@type":"ListItem","position":2,"name":"\u00bfTienes toda la tranquilidad para irte de vacaciones?"}]},{"@type":"WebSite","@id":"https:\/\/asseguris.com\/es\/#website","url":"https:\/\/asseguris.com\/es\/","name":"ASSEGURIS","description":"Especialistas en seguros para empresas en Pineda de Mar y Calella","potentialAction":[{"@type":"SearchAction","target":{"@type":"EntryPoint","urlTemplate":"https:\/\/asseguris.com\/es\/?s={search_term_string}"},"query-input":{"@type":"PropertyValueSpecification","valueRequired":true,"valueName":"search_term_string"}}],"inLanguage":"es"},{"@type":"Person","@id":"https:\/\/asseguris.com\/es\/#\/schema\/person\/14dfd815c233394cb2ca29ea2ef60d5d","name":"rf","url":"https:\/\/asseguris.com\/es\/author\/rf\/"}]}},"_links":{"self":[{"href":"https:\/\/asseguris.com\/es\/wp-json\/wp\/v2\/posts\/25307","targetHints":{"allow":["GET"]}}],"collection":[{"href":"https:\/\/asseguris.com\/es\/wp-json\/wp\/v2\/posts"}],"about":[{"href":"https:\/\/asseguris.com\/es\/wp-json\/wp\/v2\/types\/post"}],"author":[{"embeddable":true,"href":"https:\/\/asseguris.com\/es\/wp-json\/wp\/v2\/users\/5"}],"replies":[{"embeddable":true,"href":"https:\/\/asseguris.com\/es\/wp-json\/wp\/v2\/comments?post=25307"}],"version-history":[{"count":10,"href":"https:\/\/asseguris.com\/es\/wp-json\/wp\/v2\/posts\/25307\/revisions"}],"predecessor-version":[{"id":25351,"href":"https:\/\/asseguris.com\/es\/wp-json\/wp\/v2\/posts\/25307\/revisions\/25351"}],"wp:featuredmedia":[{"embeddable":true,"href":"https:\/\/asseguris.com\/es\/wp-json\/wp\/v2\/media\/25376"}],"wp:attachment":[{"href":"https:\/\/asseguris.com\/es\/wp-json\/wp\/v2\/media?parent=25307"}],"wp:term":[{"taxonomy":"category","embeddable":true,"href":"https:\/\/asseguris.com\/es\/wp-json\/wp\/v2\/categories?post=25307"},{"taxonomy":"post_tag","embeddable":true,"href":"https:\/\/asseguris.com\/es\/wp-json\/wp\/v2\/tags?post=25307"}],"curies":[{"name":"wp","href":"https:\/\/api.w.org\/{rel}","templated":true}]}}