{"id":24584,"date":"2023-03-27T07:53:10","date_gmt":"2023-03-27T05:53:10","guid":{"rendered":"https:\/\/asseguris.com\/?p=24584"},"modified":"2023-03-24T16:10:13","modified_gmt":"2023-03-24T15:10:13","slug":"asseguris-incorpora-a-su-catalogo-prevision-mallorquina-especializada-en-seguros-para-autonomos","status":"publish","type":"post","link":"https:\/\/asseguris.com\/es\/asseguris-incorpora-a-su-catalogo-prevision-mallorquina-especializada-en-seguros-para-autonomos\/","title":{"rendered":"Asseguris incorpora a su cat\u00e1logo Previsi\u00f3n Mallorquina, especializada en seguros para aut\u00f3nomos"},"content":{"rendered":"<p><strong>Asseguris Mediterraneum XX<\/strong>, la corredur\u00eda de seguros de Grup SERHS ha incorporado recientemente a su portfolio de compa\u00f1\u00edas con las que trabajar, la marca <strong>Previsi\u00f3n Mallorquina<\/strong>, especializada en seguros para aut\u00f3nomos desde 1969.<\/p>\n<blockquote><p><em><strong>Cuando llevas desde 1969 viendo lo que significa ser aut\u00f3nomo, es m\u00e1s f\u00e1cil saber lo que necesitas.<\/strong><\/em><\/p>\n<p><em><strong>Conocemos c\u00f3mo es el d\u00eda a d\u00eda del trabajador por cuenta propia, as\u00ed como los riesgos e imprevistos que pueden surgir. Por eso, queremos aportarte la tranquilidad que necesitas, sobre todo en los momentos m\u00e1s complicados.<\/strong><\/em><\/p>\n<p><em><strong>Nuestros seguros para aut\u00f3nomos est\u00e1n pensados \u200b\u200bpara asesorarte y solucionar todo tipo de situaciones eventuales por las que dejas de percibir ingresos<\/strong><\/em><\/p><\/blockquote>\n<p>De esta forma, <strong>Previsi\u00f3n Mallorquina<\/strong> se incorpora al cat\u00e1logo de <strong>Asseguris<\/strong>, conjuntamente con las casi 40 compa\u00f1\u00edas, l\u00edderes en el mercado de las aseguradoras, para ofrecer un servicio integral a nuestros clientes. Con este amplio abanico de compa\u00f1\u00edas podemos proponerle las mejores ofertas y servicios en seguros del mercado.<\/p>\n<a href=\"https:\/\/asseguris.com\/es\/colaboradores-empresas-seguros\/\" class=\"su-button su-button-style-flat\" style=\"color:#FFFFFF;background-color:#66008c;border-color:#520070;border-radius:5px\" target=\"_blank\" rel=\"noopener noreferrer\"><span style=\"color:#FFFFFF;padding:0px 22px;font-size:17px;line-height:34px;border-color:#944daf;border-radius:5px;text-shadow:none\"> Conoce las compa\u00f1\u00edas con las que trabajamos en Asseguris<\/span><\/a>\n<p>&nbsp;<\/p>\n<p>En este sentido, el acuerdo con <strong>Previsi\u00f3n Mallorquina<\/strong> supone una serie de ventajas para el colectivo de aut\u00f3nomos, con coberturas completas, adaptadas ya un precio ajustado.<\/p>\n<blockquote><p><em><strong>Somos artesanos del seguro. Atendemos a cada incidencia con la dedicaci\u00f3n de antes, pero con la eficacia de ahora.<\/strong><\/em><\/p><\/blockquote>\n<h3><img loading=\"lazy\" decoding=\"async\" class=\"alignnone size-full wp-image-24590\" src=\"https:\/\/asseguris.com\/wp-content\/uploads\/2023\/03\/1676552312822-cap-transportistes.png\" alt=\"\" width=\"1232\" height=\"667\" srcset=\"https:\/\/asseguris.com\/wp-content\/uploads\/2023\/03\/1676552312822-cap-transportistes.png 1232w, https:\/\/asseguris.com\/wp-content\/uploads\/2023\/03\/1676552312822-cap-transportistes-768x416.png 768w, https:\/\/asseguris.com\/wp-content\/uploads\/2023\/03\/1676552312822-cap-transportistes-280x152.png 280w, https:\/\/asseguris.com\/wp-content\/uploads\/2023\/03\/1676552312822-cap-transportistes-1170x633.png 1170w\" sizes=\"auto, (max-width: 1232px) 100vw, 1232px\" \/><\/h3>\n<h3>Seguro especial para transportistas<\/h3>\n<p>Desde Asseguris, ponemos a su alcance el <strong>Seguro de Baja Laboral<\/strong> ideal para transportistas. Si te enfermas, o tienes un accidente, te pagamos por cada d\u00eda, que no puedas trabajar.<\/p>\n<p><strong><img loading=\"lazy\" decoding=\"async\" class=\"alignnone wp-image-24592\" src=\"https:\/\/asseguris.com\/wp-content\/uploads\/2023\/03\/1676555189911-transportistes-_0000_cobertur-a-365.jpg\" alt=\"\" width=\"40\" height=\"40\" srcset=\"https:\/\/asseguris.com\/wp-content\/uploads\/2023\/03\/1676555189911-transportistes-_0000_cobertur-a-365.jpg 184w, https:\/\/asseguris.com\/wp-content\/uploads\/2023\/03\/1676555189911-transportistes-_0000_cobertur-a-365-150x150.jpg 150w\" sizes=\"auto, (max-width: 40px) 100vw, 40px\" \/> <span style=\"font-size: 20px;\">Cobertura mundial de 365 d\u00edas por enfermedad o accidente.<\/span><\/strong><br \/>\n(lumbalgias, traumatismos, amputaciones de falanges, procesos al\u00e9rgicos, bursitis&#8230;)<\/p>\n<p><span style=\"font-size: 20px;\"><strong><img loading=\"lazy\" decoding=\"async\" class=\"alignnone wp-image-24594\" src=\"https:\/\/asseguris.com\/wp-content\/uploads\/2023\/03\/1676555201351-transportistes-_0005_edad.jpg\" alt=\"\" width=\"40\" height=\"40\" srcset=\"https:\/\/asseguris.com\/wp-content\/uploads\/2023\/03\/1676555201351-transportistes-_0005_edad.jpg 184w, https:\/\/asseguris.com\/wp-content\/uploads\/2023\/03\/1676555201351-transportistes-_0005_edad-150x150.jpg 150w\" sizes=\"auto, (max-width: 40px) 100vw, 40px\" \/> Edad de contrataci\u00f3n desde los 16 hasta los 65 a\u00f1os.<\/strong><\/span><\/p>\n<p><span style=\"font-size: 20px;\"><strong><img loading=\"lazy\" decoding=\"async\" class=\"alignnone wp-image-24596\" src=\"https:\/\/asseguris.com\/wp-content\/uploads\/2023\/03\/1676555234604-transportistes-_0001_Medico.jpg\" alt=\"\" width=\"40\" height=\"40\" srcset=\"https:\/\/asseguris.com\/wp-content\/uploads\/2023\/03\/1676555234604-transportistes-_0001_Medico.jpg 184w, https:\/\/asseguris.com\/wp-content\/uploads\/2023\/03\/1676555234604-transportistes-_0001_Medico-150x150.jpg 150w\" sizes=\"auto, (max-width: 40px) 100vw, 40px\" \/> Sin reconocimiento m\u00e9dico previo.<\/strong><\/span><\/p>\n<p><span style=\"font-size: 20px;\"><strong><img loading=\"lazy\" decoding=\"async\" class=\"alignnone wp-image-24598\" src=\"https:\/\/asseguris.com\/wp-content\/uploads\/2023\/03\/1676555243583-transportistes-_0004_Cobertura.jpg\" alt=\"\" width=\"40\" height=\"40\" srcset=\"https:\/\/asseguris.com\/wp-content\/uploads\/2023\/03\/1676555243583-transportistes-_0004_Cobertura.jpg 184w, https:\/\/asseguris.com\/wp-content\/uploads\/2023\/03\/1676555243583-transportistes-_0004_Cobertura-150x150.jpg 150w\" sizes=\"auto, (max-width: 40px) 100vw, 40px\" \/> Cobertura de trastornos mentales y psiqui\u00e1tricos con hospitalizaci\u00f3n de hasta 90 d\u00edas.<\/strong><\/span><\/p>\n<p><span style=\"font-size: 20px;\"><strong><img loading=\"lazy\" decoding=\"async\" class=\"alignnone wp-image-24600\" src=\"https:\/\/asseguris.com\/wp-content\/uploads\/2023\/03\/1676555309193-transportistes-_0002_carencia.jpg\" alt=\"\" width=\"40\" height=\"40\" srcset=\"https:\/\/asseguris.com\/wp-content\/uploads\/2023\/03\/1676555309193-transportistes-_0002_carencia.jpg 184w, https:\/\/asseguris.com\/wp-content\/uploads\/2023\/03\/1676555309193-transportistes-_0002_carencia-150x150.jpg 150w\" sizes=\"auto, (max-width: 40px) 100vw, 40px\" \/> Sin plazo de carencia por enfermedad y accidente.<\/strong><\/span><\/p>\n<p><span style=\"font-size: 20px;\"><strong><img loading=\"lazy\" decoding=\"async\" class=\"alignnone wp-image-24602\" src=\"https:\/\/asseguris.com\/wp-content\/uploads\/2023\/03\/1676555329999-transportistes-_0003_ILT.jpg\" alt=\"\" width=\"40\" height=\"40\" srcset=\"https:\/\/asseguris.com\/wp-content\/uploads\/2023\/03\/1676555329999-transportistes-_0003_ILT.jpg 184w, https:\/\/asseguris.com\/wp-content\/uploads\/2023\/03\/1676555329999-transportistes-_0003_ILT-150x150.jpg 150w\" sizes=\"auto, (max-width: 40px) 100vw, 40px\" \/> Con cobertura ILT por la Covid19.<\/strong><\/span><\/p>\n<p>Y con <strong>precios exclusivos<\/strong>, desde nuestra corredur\u00eda de seguros ubicada en Calella y Pineda de Mar, Barcelona.<\/p>\n<p style=\"text-align: center;\"><a href=\"https:\/\/asseguris.com\/es\/solicita-informacion-seguros-particulares-y-empresas-pineda-de-mar\/\" class=\"su-button su-button-style-flat\" style=\"color:#FFFFFF;background-color:#66008c;border-color:#520070;border-radius:5px\" target=\"_blank\" rel=\"noopener noreferrer\"><span style=\"color:#FFFFFF;padding:0px 22px;font-size:17px;line-height:34px;border-color:#944daf;border-radius:5px;text-shadow:none\"> \u00a1\u00a1Cons\u00faltanos!!<\/span><\/a>\n<p style=\"text-align: center;\"><img decoding=\"async\" class=\"aligncenter\" src=\"https:\/\/asseguris.com\/wp-content\/uploads\/2021\/07\/75ef49c9-cb0d-445a-847f-ec6497859759.gif\" \/><br \/>\nSi necesitas m\u00e1s informaci\u00f3n, cont\u00e1ctanos en\u00a0<a href=\"mailto:asseguris@asseguris.com\" target=\"_blank\" rel=\"noopener\"><strong>asseguris@asseguris.com<\/strong><\/a>\u00a0o por tel\u00e9fono o whatsapp al\u00a0<strong><a href=\"https:\/\/api.whatsapp.com\/send?phone=34639673008&amp;text=Hola\" target=\"_blank\" rel=\"noopener\">639\u00b767\u00b730\u00b708<\/a><\/strong>.<\/p>\n<h4 style=\"text-align: center;\">\u00a1Estaremos encantados\/as de ayudarte!<\/h4>\n","protected":false},"excerpt":{"rendered":"<p>Asseguris Mediterraneum XX, la corredur\u00eda de seguros de Grup SERHS ha incorporado recientemente a su portfolio de compa\u00f1\u00edas con las que trabajar, la marca Previsi\u00f3n Mallorquina, especializada en seguros para aut\u00f3nomos desde 1969. Cuando llevas desde 1969 viendo lo que significa ser aut\u00f3nomo, es m\u00e1s f\u00e1cil saber lo que necesitas. Conocemos c\u00f3mo es el d\u00eda<\/p>\n","protected":false},"author":5,"featured_media":24589,"comment_status":"closed","ping_status":"closed","sticky":false,"template":"","format":"standard","meta":{"footnotes":""},"categories":[173,2],"tags":[],"class_list":["post-24584","post","type-post","status-publish","format-standard","has-post-thumbnail","hentry","category-correduria-de-seguros","category-seguros"],"yoast_head":"<!-- This site is optimized with the Yoast SEO plugin v27.5 - https:\/\/yoast.com\/product\/yoast-seo-wordpress\/ -->\n<title>Asseguris incorpora a su cat\u00e1logo Previsi\u00f3n Mallorquina, especializada en seguros para aut\u00f3nomos - ASSEGURIS<\/title>\n<meta name=\"description\" content=\"Asseguris incorpora a su portfolio la marca Previsi\u00f3n Mallorquina, especializada en seguros para aut\u00f3nomos desde 1969.\" \/>\n<meta name=\"robots\" content=\"index, follow, max-snippet:-1, max-image-preview:large, max-video-preview:-1\" \/>\n<link rel=\"canonical\" href=\"https:\/\/asseguris.com\/?p=24583\" \/>\n<meta property=\"og:locale\" content=\"es_ES\" \/>\n<meta property=\"og:type\" content=\"article\" \/>\n<meta property=\"og:title\" content=\"Asseguris incorpora a su cat\u00e1logo Previsi\u00f3n Mallorquina, especializada en seguros para aut\u00f3nomos - ASSEGURIS\" \/>\n<meta property=\"og:description\" content=\"Asseguris incorpora a su portfolio la marca Previsi\u00f3n Mallorquina, especializada en seguros para aut\u00f3nomos desde 1969.\" \/>\n<meta property=\"og:url\" content=\"https:\/\/asseguris.com\/?p=24583\" \/>\n<meta property=\"og:site_name\" content=\"ASSEGURIS\" \/>\n<meta property=\"article:published_time\" content=\"2023-03-27T05:53:10+00:00\" \/>\n<meta property=\"og:image\" content=\"https:\/\/asseguris.com\/wp-content\/uploads\/2023\/03\/asseguranca-autonoms.jpg\" \/>\n\t<meta property=\"og:image:width\" content=\"1053\" \/>\n\t<meta property=\"og:image:height\" content=\"753\" \/>\n\t<meta property=\"og:image:type\" content=\"image\/jpeg\" \/>\n<meta name=\"author\" content=\"rf\" \/>\n<meta name=\"twitter:card\" content=\"summary_large_image\" \/>\n<meta name=\"twitter:label1\" content=\"Escrito por\" \/>\n\t<meta name=\"twitter:data1\" content=\"rf\" \/>\n\t<meta name=\"twitter:label2\" content=\"Tiempo de lectura\" \/>\n\t<meta name=\"twitter:data2\" content=\"6 minutos\" \/>\n<script type=\"application\/ld+json\" class=\"yoast-schema-graph\">{\"@context\":\"https:\\\/\\\/schema.org\",\"@graph\":[{\"@type\":\"Article\",\"@id\":\"https:\\\/\\\/asseguris.com\\\/?p=24583#article\",\"isPartOf\":{\"@id\":\"https:\\\/\\\/asseguris.com\\\/?p=24583\"},\"author\":{\"name\":\"rf\",\"@id\":\"https:\\\/\\\/asseguris.com\\\/es\\\/#\\\/schema\\\/person\\\/14dfd815c233394cb2ca29ea2ef60d5d\"},\"headline\":\"Asseguris incorpora a su cat\u00e1logo Previsi\u00f3n Mallorquina, especializada en seguros para aut\u00f3nomos\",\"datePublished\":\"2023-03-27T05:53:10+00:00\",\"mainEntityOfPage\":{\"@id\":\"https:\\\/\\\/asseguris.com\\\/?p=24583\"},\"wordCount\":422,\"image\":{\"@id\":\"https:\\\/\\\/asseguris.com\\\/?p=24583#primaryimage\"},\"thumbnailUrl\":\"https:\\\/\\\/asseguris.com\\\/wp-content\\\/uploads\\\/2023\\\/03\\\/asseguranca-autonoms.jpg\",\"articleSection\":[\"Corredur\u00eda de seguros\",\"Seguros\"],\"inLanguage\":\"es\"},{\"@type\":\"WebPage\",\"@id\":\"https:\\\/\\\/asseguris.com\\\/?p=24583\",\"url\":\"https:\\\/\\\/asseguris.com\\\/?p=24583\",\"name\":\"Asseguris incorpora a su cat\u00e1logo Previsi\u00f3n Mallorquina, especializada en seguros para aut\u00f3nomos - ASSEGURIS\",\"isPartOf\":{\"@id\":\"https:\\\/\\\/asseguris.com\\\/es\\\/#website\"},\"primaryImageOfPage\":{\"@id\":\"https:\\\/\\\/asseguris.com\\\/?p=24583#primaryimage\"},\"image\":{\"@id\":\"https:\\\/\\\/asseguris.com\\\/?p=24583#primaryimage\"},\"thumbnailUrl\":\"https:\\\/\\\/asseguris.com\\\/wp-content\\\/uploads\\\/2023\\\/03\\\/asseguranca-autonoms.jpg\",\"datePublished\":\"2023-03-27T05:53:10+00:00\",\"author\":{\"@id\":\"https:\\\/\\\/asseguris.com\\\/es\\\/#\\\/schema\\\/person\\\/14dfd815c233394cb2ca29ea2ef60d5d\"},\"description\":\"Asseguris incorpora a su portfolio la marca Previsi\u00f3n Mallorquina, especializada en seguros para aut\u00f3nomos desde 1969.\",\"breadcrumb\":{\"@id\":\"https:\\\/\\\/asseguris.com\\\/?p=24583#breadcrumb\"},\"inLanguage\":\"es\",\"potentialAction\":[{\"@type\":\"ReadAction\",\"target\":[\"https:\\\/\\\/asseguris.com\\\/?p=24583\"]}]},{\"@type\":\"ImageObject\",\"inLanguage\":\"es\",\"@id\":\"https:\\\/\\\/asseguris.com\\\/?p=24583#primaryimage\",\"url\":\"https:\\\/\\\/asseguris.com\\\/wp-content\\\/uploads\\\/2023\\\/03\\\/asseguranca-autonoms.jpg\",\"contentUrl\":\"https:\\\/\\\/asseguris.com\\\/wp-content\\\/uploads\\\/2023\\\/03\\\/asseguranca-autonoms.jpg\",\"width\":1053,\"height\":753,\"caption\":\"asseguran\u00e7a-aut\u00f2noms\"},{\"@type\":\"BreadcrumbList\",\"@id\":\"https:\\\/\\\/asseguris.com\\\/?p=24583#breadcrumb\",\"itemListElement\":[{\"@type\":\"ListItem\",\"position\":1,\"name\":\"Portada\",\"item\":\"https:\\\/\\\/asseguris.com\\\/\"},{\"@type\":\"ListItem\",\"position\":2,\"name\":\"Asseguris incorpora a su cat\u00e1logo Previsi\u00f3n Mallorquina, especializada en seguros para aut\u00f3nomos\"}]},{\"@type\":\"WebSite\",\"@id\":\"https:\\\/\\\/asseguris.com\\\/es\\\/#website\",\"url\":\"https:\\\/\\\/asseguris.com\\\/es\\\/\",\"name\":\"ASSEGURIS\",\"description\":\"Especialistas en seguros para empresas en Pineda de Mar y Calella\",\"potentialAction\":[{\"@type\":\"SearchAction\",\"target\":{\"@type\":\"EntryPoint\",\"urlTemplate\":\"https:\\\/\\\/asseguris.com\\\/es\\\/?s={search_term_string}\"},\"query-input\":{\"@type\":\"PropertyValueSpecification\",\"valueRequired\":true,\"valueName\":\"search_term_string\"}}],\"inLanguage\":\"es\"},{\"@type\":\"Person\",\"@id\":\"https:\\\/\\\/asseguris.com\\\/es\\\/#\\\/schema\\\/person\\\/14dfd815c233394cb2ca29ea2ef60d5d\",\"name\":\"rf\",\"url\":\"https:\\\/\\\/asseguris.com\\\/es\\\/author\\\/rf\\\/\"}]}<\/script>\n<!-- \/ Yoast SEO plugin. -->","yoast_head_json":{"title":"Asseguris incorpora a su cat\u00e1logo Previsi\u00f3n Mallorquina, especializada en seguros para aut\u00f3nomos - ASSEGURIS","description":"Asseguris incorpora a su portfolio la marca Previsi\u00f3n Mallorquina, especializada en seguros para aut\u00f3nomos desde 1969.","robots":{"index":"index","follow":"follow","max-snippet":"max-snippet:-1","max-image-preview":"max-image-preview:large","max-video-preview":"max-video-preview:-1"},"canonical":"https:\/\/asseguris.com\/?p=24583","og_locale":"es_ES","og_type":"article","og_title":"Asseguris incorpora a su cat\u00e1logo Previsi\u00f3n Mallorquina, especializada en seguros para aut\u00f3nomos - ASSEGURIS","og_description":"Asseguris incorpora a su portfolio la marca Previsi\u00f3n Mallorquina, especializada en seguros para aut\u00f3nomos desde 1969.","og_url":"https:\/\/asseguris.com\/?p=24583","og_site_name":"ASSEGURIS","article_published_time":"2023-03-27T05:53:10+00:00","og_image":[{"width":1053,"height":753,"url":"https:\/\/asseguris.com\/wp-content\/uploads\/2023\/03\/asseguranca-autonoms.jpg","type":"image\/jpeg"}],"author":"rf","twitter_card":"summary_large_image","twitter_misc":{"Escrito por":"rf","Tiempo de lectura":"6 minutos"},"schema":{"@context":"https:\/\/schema.org","@graph":[{"@type":"Article","@id":"https:\/\/asseguris.com\/?p=24583#article","isPartOf":{"@id":"https:\/\/asseguris.com\/?p=24583"},"author":{"name":"rf","@id":"https:\/\/asseguris.com\/es\/#\/schema\/person\/14dfd815c233394cb2ca29ea2ef60d5d"},"headline":"Asseguris incorpora a su cat\u00e1logo Previsi\u00f3n Mallorquina, especializada en seguros para aut\u00f3nomos","datePublished":"2023-03-27T05:53:10+00:00","mainEntityOfPage":{"@id":"https:\/\/asseguris.com\/?p=24583"},"wordCount":422,"image":{"@id":"https:\/\/asseguris.com\/?p=24583#primaryimage"},"thumbnailUrl":"https:\/\/asseguris.com\/wp-content\/uploads\/2023\/03\/asseguranca-autonoms.jpg","articleSection":["Corredur\u00eda de seguros","Seguros"],"inLanguage":"es"},{"@type":"WebPage","@id":"https:\/\/asseguris.com\/?p=24583","url":"https:\/\/asseguris.com\/?p=24583","name":"Asseguris incorpora a su cat\u00e1logo Previsi\u00f3n Mallorquina, especializada en seguros para aut\u00f3nomos - ASSEGURIS","isPartOf":{"@id":"https:\/\/asseguris.com\/es\/#website"},"primaryImageOfPage":{"@id":"https:\/\/asseguris.com\/?p=24583#primaryimage"},"image":{"@id":"https:\/\/asseguris.com\/?p=24583#primaryimage"},"thumbnailUrl":"https:\/\/asseguris.com\/wp-content\/uploads\/2023\/03\/asseguranca-autonoms.jpg","datePublished":"2023-03-27T05:53:10+00:00","author":{"@id":"https:\/\/asseguris.com\/es\/#\/schema\/person\/14dfd815c233394cb2ca29ea2ef60d5d"},"description":"Asseguris incorpora a su portfolio la marca Previsi\u00f3n Mallorquina, especializada en seguros para aut\u00f3nomos desde 1969.","breadcrumb":{"@id":"https:\/\/asseguris.com\/?p=24583#breadcrumb"},"inLanguage":"es","potentialAction":[{"@type":"ReadAction","target":["https:\/\/asseguris.com\/?p=24583"]}]},{"@type":"ImageObject","inLanguage":"es","@id":"https:\/\/asseguris.com\/?p=24583#primaryimage","url":"https:\/\/asseguris.com\/wp-content\/uploads\/2023\/03\/asseguranca-autonoms.jpg","contentUrl":"https:\/\/asseguris.com\/wp-content\/uploads\/2023\/03\/asseguranca-autonoms.jpg","width":1053,"height":753,"caption":"asseguran\u00e7a-aut\u00f2noms"},{"@type":"BreadcrumbList","@id":"https:\/\/asseguris.com\/?p=24583#breadcrumb","itemListElement":[{"@type":"ListItem","position":1,"name":"Portada","item":"https:\/\/asseguris.com\/"},{"@type":"ListItem","position":2,"name":"Asseguris incorpora a su cat\u00e1logo Previsi\u00f3n Mallorquina, especializada en seguros para aut\u00f3nomos"}]},{"@type":"WebSite","@id":"https:\/\/asseguris.com\/es\/#website","url":"https:\/\/asseguris.com\/es\/","name":"ASSEGURIS","description":"Especialistas en seguros para empresas en Pineda de Mar y Calella","potentialAction":[{"@type":"SearchAction","target":{"@type":"EntryPoint","urlTemplate":"https:\/\/asseguris.com\/es\/?s={search_term_string}"},"query-input":{"@type":"PropertyValueSpecification","valueRequired":true,"valueName":"search_term_string"}}],"inLanguage":"es"},{"@type":"Person","@id":"https:\/\/asseguris.com\/es\/#\/schema\/person\/14dfd815c233394cb2ca29ea2ef60d5d","name":"rf","url":"https:\/\/asseguris.com\/es\/author\/rf\/"}]}},"_links":{"self":[{"href":"https:\/\/asseguris.com\/es\/wp-json\/wp\/v2\/posts\/24584","targetHints":{"allow":["GET"]}}],"collection":[{"href":"https:\/\/asseguris.com\/es\/wp-json\/wp\/v2\/posts"}],"about":[{"href":"https:\/\/asseguris.com\/es\/wp-json\/wp\/v2\/types\/post"}],"author":[{"embeddable":true,"href":"https:\/\/asseguris.com\/es\/wp-json\/wp\/v2\/users\/5"}],"replies":[{"embeddable":true,"href":"https:\/\/asseguris.com\/es\/wp-json\/wp\/v2\/comments?post=24584"}],"version-history":[{"count":0,"href":"https:\/\/asseguris.com\/es\/wp-json\/wp\/v2\/posts\/24584\/revisions"}],"wp:featuredmedia":[{"embeddable":true,"href":"https:\/\/asseguris.com\/es\/wp-json\/wp\/v2\/media\/24589"}],"wp:attachment":[{"href":"https:\/\/asseguris.com\/es\/wp-json\/wp\/v2\/media?parent=24584"}],"wp:term":[{"taxonomy":"category","embeddable":true,"href":"https:\/\/asseguris.com\/es\/wp-json\/wp\/v2\/categories?post=24584"},{"taxonomy":"post_tag","embeddable":true,"href":"https:\/\/asseguris.com\/es\/wp-json\/wp\/v2\/tags?post=24584"}],"curies":[{"name":"wp","href":"https:\/\/api.w.org\/{rel}","templated":true}]}}