{"id":22559,"date":"2021-09-14T13:54:33","date_gmt":"2021-09-14T11:54:33","guid":{"rendered":"https:\/\/www.asseguris.com\/?p=22559"},"modified":"2021-09-14T13:54:27","modified_gmt":"2021-09-14T11:54:27","slug":"seguro-de-baja-laboral-para-autonomos","status":"publish","type":"post","link":"https:\/\/asseguris.com\/es\/seguro-de-baja-laboral-para-autonomos\/","title":{"rendered":"Renta Baremado, el nuevo seguro de baja laboral para aut\u00f3nomos"},"content":{"rendered":"<h3>Asseguris, de la mano de DKV, presenta la Renta Baremado, el seguro de subsidio pensado para proteger la salud y la econom\u00eda de los trabajadores aut\u00f3nomos.<\/h3>\n<p><strong>Porque pase lo que pase, est\u00e9s siempre cubierto econ\u00f3micamente y vivas sin preocupaciones.<\/strong><\/p>\n<h3>\u00bfQu\u00e9 es DKV Renta Baremado?<\/h3>\n<p>El nuevo seguro permite recibir una <strong>indemnizaci\u00f3n<\/strong> en caso de <strong>incapacidad laboral<\/strong>, ya sea por accidentes o por enfermedad mediante un <strong>pago \u00fanico<\/strong>. Podr\u00e1s percibir la indemnizaci\u00f3n justo al inicio de la baja sin necesidad de tener que esperar el parte de alta para, de este modo, afrontar tus gastos diarios y pensar solo en lo que realmente importa, en recuperarte.<\/p>\n<h3>\u00bfQu\u00e9 cubre el seguro laboral para aut\u00f3nomos?<\/h3>\n<p><strong>Coberturas b\u00e1sicas:<\/strong><\/p>\n<ul>\n<li>Indemnizaci\u00f3n diaria ante incapacidad temporal y\/o accidente<\/li>\n<li>Cobertura patolog\u00edas comunes<\/li>\n<li>Prestaci\u00f3n econ\u00f3mica por parto<\/li>\n<li>Cobertura en caso de baja por COVID-19<\/li>\n<\/ul>\n<p><strong>Coberturas opcionales:<\/strong><\/p>\n<ul>\n<li>Renta con franquicia de 90 d\u00edas<\/li>\n<li>Indemnizaci\u00f3n en caso de hospitalizaci\u00f3n por enfermedad y\/o accidente<\/li>\n<li>Intervenci\u00f3n quir\u00fargica<\/li>\n<\/ul>\n<h3><em>\u00a1Disfruta de estas y muchos m\u00e1s ventajas!<\/em><\/h3>\n<p>Haz clic <a href=\"https:\/\/asseguris.com\/wp-content\/uploads\/2021\/09\/DKV-Renta-Baremado-cat.pdf\" target=\"_blank\" rel=\"noopener\"><strong>aqu\u00ed<\/strong><\/a> y descubre lo que podemos hacer por ti.<\/p>\n<p style=\"text-align: center;\">========================<\/p>\n<p style=\"text-align: center;\"><img loading=\"lazy\" decoding=\"async\" class=\"alignnone size-full wp-image-22437\" src=\"https:\/\/asseguris.com\/wp-content\/uploads\/2021\/07\/75ef49c9-cb0d-445a-847f-ec6497859759.gif\" alt=\"\" width=\"600\" height=\"80\" \/><\/p>\n<h4 style=\"text-align: center;\">Si necesitas m\u00e1s informaci\u00f3n cont\u00e1ctanos en <a href=\"mailto:asseguris@asseguris.com\" target=\"_blank\" rel=\"noopener\"><strong>asseguris@asseguris.com<\/strong><\/a> o por tel\u00e9fono o whatsapp en el <a href=\"https:\/\/api.whatsapp.com\/send?phone=34639673008&amp;text=Hola\" target=\"_blank\" rel=\"noopener\">639\u00b767\u00b730\u00b708<\/a>.<\/h4>\n<h4 style=\"text-align: center; font-weight: bold;\">\u00a1Estaremos encantados\/as de ayudarte!<\/h4>\n","protected":false},"excerpt":{"rendered":"<p>Asseguris, de la mano de DKV, presenta la Renta Baremado, el seguro de subsidio pensado para proteger la salud y la econom\u00eda de los trabajadores aut\u00f3nomos. Porque pase lo que pase, est\u00e9s siempre cubierto econ\u00f3micamente y vivas sin preocupaciones. \u00bfQu\u00e9 es DKV Renta Baremado? El nuevo seguro permite recibir una indemnizaci\u00f3n en caso de incapacidad<\/p>\n","protected":false},"author":5,"featured_media":22566,"comment_status":"closed","ping_status":"closed","sticky":false,"template":"","format":"standard","meta":{"footnotes":""},"categories":[173,2,155],"tags":[],"class_list":["post-22559","post","type-post","status-publish","format-standard","has-post-thumbnail","hentry","category-correduria-de-seguros","category-seguros","category-noticies-serhs-serveis-gestiona-es"],"yoast_head":"<!-- This site is optimized with the Yoast SEO plugin v27.5 - https:\/\/yoast.com\/product\/yoast-seo-wordpress\/ -->\n<title>Renta Baremado, el nuevo seguro de baja laboral para aut\u00f3nomos - ASSEGURIS<\/title>\n<meta name=\"description\" content=\"Asseguris, de la mano de DKV presenta la Renta baremado, el nuevo seguro de baja laboral para aut\u00f3nomos.\" \/>\n<meta name=\"robots\" content=\"index, follow, max-snippet:-1, max-image-preview:large, max-video-preview:-1\" \/>\n<link rel=\"canonical\" href=\"https:\/\/asseguris.com\/es\/seguro-de-baja-laboral-para-autonomos\/\" \/>\n<meta property=\"og:locale\" content=\"es_ES\" \/>\n<meta property=\"og:type\" content=\"article\" \/>\n<meta property=\"og:title\" content=\"Renta Baremado, el nuevo seguro de baja laboral para aut\u00f3nomos - ASSEGURIS\" \/>\n<meta property=\"og:description\" content=\"Asseguris, de la mano de DKV presenta la Renta baremado, el nuevo seguro de baja laboral para aut\u00f3nomos.\" \/>\n<meta property=\"og:url\" content=\"https:\/\/asseguris.com\/es\/seguro-de-baja-laboral-para-autonomos\/\" \/>\n<meta property=\"og:site_name\" content=\"ASSEGURIS\" \/>\n<meta property=\"article:published_time\" content=\"2021-09-14T11:54:33+00:00\" \/>\n<meta property=\"og:image\" content=\"https:\/\/asseguris.com\/wp-content\/uploads\/2021\/09\/Seguro-Para-Autonomos-DKV.jpg\" \/>\n\t<meta property=\"og:image:width\" content=\"1000\" \/>\n\t<meta property=\"og:image:height\" content=\"654\" \/>\n\t<meta property=\"og:image:type\" content=\"image\/jpeg\" \/>\n<meta name=\"author\" content=\"rf\" \/>\n<meta name=\"twitter:card\" content=\"summary_large_image\" \/>\n<meta name=\"twitter:label1\" content=\"Escrito por\" \/>\n\t<meta name=\"twitter:data1\" content=\"rf\" \/>\n\t<meta name=\"twitter:label2\" content=\"Tiempo de lectura\" \/>\n\t<meta name=\"twitter:data2\" content=\"2 minutos\" \/>\n<script type=\"application\/ld+json\" class=\"yoast-schema-graph\">{\"@context\":\"https:\\\/\\\/schema.org\",\"@graph\":[{\"@type\":\"Article\",\"@id\":\"https:\\\/\\\/asseguris.com\\\/es\\\/seguro-de-baja-laboral-para-autonomos\\\/#article\",\"isPartOf\":{\"@id\":\"https:\\\/\\\/asseguris.com\\\/es\\\/seguro-de-baja-laboral-para-autonomos\\\/\"},\"author\":{\"name\":\"rf\",\"@id\":\"https:\\\/\\\/asseguris.com\\\/es\\\/#\\\/schema\\\/person\\\/14dfd815c233394cb2ca29ea2ef60d5d\"},\"headline\":\"Renta Baremado, el nuevo seguro de baja laboral para aut\u00f3nomos\",\"datePublished\":\"2021-09-14T11:54:33+00:00\",\"mainEntityOfPage\":{\"@id\":\"https:\\\/\\\/asseguris.com\\\/es\\\/seguro-de-baja-laboral-para-autonomos\\\/\"},\"wordCount\":228,\"image\":{\"@id\":\"https:\\\/\\\/asseguris.com\\\/es\\\/seguro-de-baja-laboral-para-autonomos\\\/#primaryimage\"},\"thumbnailUrl\":\"https:\\\/\\\/asseguris.com\\\/wp-content\\\/uploads\\\/2021\\\/09\\\/Seguro-Para-Autonomos-DKV.jpg\",\"articleSection\":[\"Corredur\u00eda de seguros\",\"Seguros\",\"SERHS Serveis Gestiona\"],\"inLanguage\":\"es\"},{\"@type\":\"WebPage\",\"@id\":\"https:\\\/\\\/asseguris.com\\\/es\\\/seguro-de-baja-laboral-para-autonomos\\\/\",\"url\":\"https:\\\/\\\/asseguris.com\\\/es\\\/seguro-de-baja-laboral-para-autonomos\\\/\",\"name\":\"Renta Baremado, el nuevo seguro de baja laboral para aut\u00f3nomos - ASSEGURIS\",\"isPartOf\":{\"@id\":\"https:\\\/\\\/asseguris.com\\\/es\\\/#website\"},\"primaryImageOfPage\":{\"@id\":\"https:\\\/\\\/asseguris.com\\\/es\\\/seguro-de-baja-laboral-para-autonomos\\\/#primaryimage\"},\"image\":{\"@id\":\"https:\\\/\\\/asseguris.com\\\/es\\\/seguro-de-baja-laboral-para-autonomos\\\/#primaryimage\"},\"thumbnailUrl\":\"https:\\\/\\\/asseguris.com\\\/wp-content\\\/uploads\\\/2021\\\/09\\\/Seguro-Para-Autonomos-DKV.jpg\",\"datePublished\":\"2021-09-14T11:54:33+00:00\",\"author\":{\"@id\":\"https:\\\/\\\/asseguris.com\\\/es\\\/#\\\/schema\\\/person\\\/14dfd815c233394cb2ca29ea2ef60d5d\"},\"description\":\"Asseguris, de la mano de DKV presenta la Renta baremado, el nuevo seguro de baja laboral para aut\u00f3nomos.\",\"breadcrumb\":{\"@id\":\"https:\\\/\\\/asseguris.com\\\/es\\\/seguro-de-baja-laboral-para-autonomos\\\/#breadcrumb\"},\"inLanguage\":\"es\",\"potentialAction\":[{\"@type\":\"ReadAction\",\"target\":[\"https:\\\/\\\/asseguris.com\\\/es\\\/seguro-de-baja-laboral-para-autonomos\\\/\"]}]},{\"@type\":\"ImageObject\",\"inLanguage\":\"es\",\"@id\":\"https:\\\/\\\/asseguris.com\\\/es\\\/seguro-de-baja-laboral-para-autonomos\\\/#primaryimage\",\"url\":\"https:\\\/\\\/asseguris.com\\\/wp-content\\\/uploads\\\/2021\\\/09\\\/Seguro-Para-Autonomos-DKV.jpg\",\"contentUrl\":\"https:\\\/\\\/asseguris.com\\\/wp-content\\\/uploads\\\/2021\\\/09\\\/Seguro-Para-Autonomos-DKV.jpg\",\"width\":1000,\"height\":654,\"caption\":\"Seguro Para Aut\u00f3nomos DKV\"},{\"@type\":\"BreadcrumbList\",\"@id\":\"https:\\\/\\\/asseguris.com\\\/es\\\/seguro-de-baja-laboral-para-autonomos\\\/#breadcrumb\",\"itemListElement\":[{\"@type\":\"ListItem\",\"position\":1,\"name\":\"Portada\",\"item\":\"https:\\\/\\\/asseguris.com\\\/\"},{\"@type\":\"ListItem\",\"position\":2,\"name\":\"Renta Baremado, el nuevo seguro de baja laboral para aut\u00f3nomos\"}]},{\"@type\":\"WebSite\",\"@id\":\"https:\\\/\\\/asseguris.com\\\/es\\\/#website\",\"url\":\"https:\\\/\\\/asseguris.com\\\/es\\\/\",\"name\":\"ASSEGURIS\",\"description\":\"Especialistas en seguros para empresas en Pineda de Mar y Calella\",\"potentialAction\":[{\"@type\":\"SearchAction\",\"target\":{\"@type\":\"EntryPoint\",\"urlTemplate\":\"https:\\\/\\\/asseguris.com\\\/es\\\/?s={search_term_string}\"},\"query-input\":{\"@type\":\"PropertyValueSpecification\",\"valueRequired\":true,\"valueName\":\"search_term_string\"}}],\"inLanguage\":\"es\"},{\"@type\":\"Person\",\"@id\":\"https:\\\/\\\/asseguris.com\\\/es\\\/#\\\/schema\\\/person\\\/14dfd815c233394cb2ca29ea2ef60d5d\",\"name\":\"rf\",\"url\":\"https:\\\/\\\/asseguris.com\\\/es\\\/author\\\/rf\\\/\"}]}<\/script>\n<!-- \/ Yoast SEO plugin. -->","yoast_head_json":{"title":"Renta Baremado, el nuevo seguro de baja laboral para aut\u00f3nomos - ASSEGURIS","description":"Asseguris, de la mano de DKV presenta la Renta baremado, el nuevo seguro de baja laboral para aut\u00f3nomos.","robots":{"index":"index","follow":"follow","max-snippet":"max-snippet:-1","max-image-preview":"max-image-preview:large","max-video-preview":"max-video-preview:-1"},"canonical":"https:\/\/asseguris.com\/es\/seguro-de-baja-laboral-para-autonomos\/","og_locale":"es_ES","og_type":"article","og_title":"Renta Baremado, el nuevo seguro de baja laboral para aut\u00f3nomos - ASSEGURIS","og_description":"Asseguris, de la mano de DKV presenta la Renta baremado, el nuevo seguro de baja laboral para aut\u00f3nomos.","og_url":"https:\/\/asseguris.com\/es\/seguro-de-baja-laboral-para-autonomos\/","og_site_name":"ASSEGURIS","article_published_time":"2021-09-14T11:54:33+00:00","og_image":[{"width":1000,"height":654,"url":"https:\/\/asseguris.com\/wp-content\/uploads\/2021\/09\/Seguro-Para-Autonomos-DKV.jpg","type":"image\/jpeg"}],"author":"rf","twitter_card":"summary_large_image","twitter_misc":{"Escrito por":"rf","Tiempo de lectura":"2 minutos"},"schema":{"@context":"https:\/\/schema.org","@graph":[{"@type":"Article","@id":"https:\/\/asseguris.com\/es\/seguro-de-baja-laboral-para-autonomos\/#article","isPartOf":{"@id":"https:\/\/asseguris.com\/es\/seguro-de-baja-laboral-para-autonomos\/"},"author":{"name":"rf","@id":"https:\/\/asseguris.com\/es\/#\/schema\/person\/14dfd815c233394cb2ca29ea2ef60d5d"},"headline":"Renta Baremado, el nuevo seguro de baja laboral para aut\u00f3nomos","datePublished":"2021-09-14T11:54:33+00:00","mainEntityOfPage":{"@id":"https:\/\/asseguris.com\/es\/seguro-de-baja-laboral-para-autonomos\/"},"wordCount":228,"image":{"@id":"https:\/\/asseguris.com\/es\/seguro-de-baja-laboral-para-autonomos\/#primaryimage"},"thumbnailUrl":"https:\/\/asseguris.com\/wp-content\/uploads\/2021\/09\/Seguro-Para-Autonomos-DKV.jpg","articleSection":["Corredur\u00eda de seguros","Seguros","SERHS Serveis Gestiona"],"inLanguage":"es"},{"@type":"WebPage","@id":"https:\/\/asseguris.com\/es\/seguro-de-baja-laboral-para-autonomos\/","url":"https:\/\/asseguris.com\/es\/seguro-de-baja-laboral-para-autonomos\/","name":"Renta Baremado, el nuevo seguro de baja laboral para aut\u00f3nomos - ASSEGURIS","isPartOf":{"@id":"https:\/\/asseguris.com\/es\/#website"},"primaryImageOfPage":{"@id":"https:\/\/asseguris.com\/es\/seguro-de-baja-laboral-para-autonomos\/#primaryimage"},"image":{"@id":"https:\/\/asseguris.com\/es\/seguro-de-baja-laboral-para-autonomos\/#primaryimage"},"thumbnailUrl":"https:\/\/asseguris.com\/wp-content\/uploads\/2021\/09\/Seguro-Para-Autonomos-DKV.jpg","datePublished":"2021-09-14T11:54:33+00:00","author":{"@id":"https:\/\/asseguris.com\/es\/#\/schema\/person\/14dfd815c233394cb2ca29ea2ef60d5d"},"description":"Asseguris, de la mano de DKV presenta la Renta baremado, el nuevo seguro de baja laboral para aut\u00f3nomos.","breadcrumb":{"@id":"https:\/\/asseguris.com\/es\/seguro-de-baja-laboral-para-autonomos\/#breadcrumb"},"inLanguage":"es","potentialAction":[{"@type":"ReadAction","target":["https:\/\/asseguris.com\/es\/seguro-de-baja-laboral-para-autonomos\/"]}]},{"@type":"ImageObject","inLanguage":"es","@id":"https:\/\/asseguris.com\/es\/seguro-de-baja-laboral-para-autonomos\/#primaryimage","url":"https:\/\/asseguris.com\/wp-content\/uploads\/2021\/09\/Seguro-Para-Autonomos-DKV.jpg","contentUrl":"https:\/\/asseguris.com\/wp-content\/uploads\/2021\/09\/Seguro-Para-Autonomos-DKV.jpg","width":1000,"height":654,"caption":"Seguro Para Aut\u00f3nomos DKV"},{"@type":"BreadcrumbList","@id":"https:\/\/asseguris.com\/es\/seguro-de-baja-laboral-para-autonomos\/#breadcrumb","itemListElement":[{"@type":"ListItem","position":1,"name":"Portada","item":"https:\/\/asseguris.com\/"},{"@type":"ListItem","position":2,"name":"Renta Baremado, el nuevo seguro de baja laboral para aut\u00f3nomos"}]},{"@type":"WebSite","@id":"https:\/\/asseguris.com\/es\/#website","url":"https:\/\/asseguris.com\/es\/","name":"ASSEGURIS","description":"Especialistas en seguros para empresas en Pineda de Mar y Calella","potentialAction":[{"@type":"SearchAction","target":{"@type":"EntryPoint","urlTemplate":"https:\/\/asseguris.com\/es\/?s={search_term_string}"},"query-input":{"@type":"PropertyValueSpecification","valueRequired":true,"valueName":"search_term_string"}}],"inLanguage":"es"},{"@type":"Person","@id":"https:\/\/asseguris.com\/es\/#\/schema\/person\/14dfd815c233394cb2ca29ea2ef60d5d","name":"rf","url":"https:\/\/asseguris.com\/es\/author\/rf\/"}]}},"_links":{"self":[{"href":"https:\/\/asseguris.com\/es\/wp-json\/wp\/v2\/posts\/22559","targetHints":{"allow":["GET"]}}],"collection":[{"href":"https:\/\/asseguris.com\/es\/wp-json\/wp\/v2\/posts"}],"about":[{"href":"https:\/\/asseguris.com\/es\/wp-json\/wp\/v2\/types\/post"}],"author":[{"embeddable":true,"href":"https:\/\/asseguris.com\/es\/wp-json\/wp\/v2\/users\/5"}],"replies":[{"embeddable":true,"href":"https:\/\/asseguris.com\/es\/wp-json\/wp\/v2\/comments?post=22559"}],"version-history":[{"count":0,"href":"https:\/\/asseguris.com\/es\/wp-json\/wp\/v2\/posts\/22559\/revisions"}],"wp:featuredmedia":[{"embeddable":true,"href":"https:\/\/asseguris.com\/es\/wp-json\/wp\/v2\/media\/22566"}],"wp:attachment":[{"href":"https:\/\/asseguris.com\/es\/wp-json\/wp\/v2\/media?parent=22559"}],"wp:term":[{"taxonomy":"category","embeddable":true,"href":"https:\/\/asseguris.com\/es\/wp-json\/wp\/v2\/categories?post=22559"},{"taxonomy":"post_tag","embeddable":true,"href":"https:\/\/asseguris.com\/es\/wp-json\/wp\/v2\/tags?post=22559"}],"curies":[{"name":"wp","href":"https:\/\/api.w.org\/{rel}","templated":true}]}}