{"id":22215,"date":"2021-06-03T13:20:12","date_gmt":"2021-06-03T11:20:12","guid":{"rendered":"https:\/\/www.asseguris.com\/?p=22215"},"modified":"2021-06-23T12:14:17","modified_gmt":"2021-06-23T10:14:17","slug":"asegura-tu-moto-o-ciclomotor-solo-durante-los-meses-de-verano-2","status":"publish","type":"post","link":"https:\/\/asseguris.com\/es\/asegura-tu-moto-o-ciclomotor-solo-durante-los-meses-de-verano-2\/","title":{"rendered":"Asegura tu moto o ciclomotor s\u00f3lo durante los meses de verano"},"content":{"rendered":"<h3>Asseguris, de la mano de Mapfre, propone asegurar tu moto o ciclomotor s\u00f3lo durante los meses de verano, gracias a la p\u00f3liza Cheste.<\/h3>\n<p>Con la llegada del buen tiempo aumenta el uso de las motos y ciclomotores. La aseguradora Mapfre nos trae una opci\u00f3n flexible para configurar este seguro, la p\u00f3liza Cheste, con cobertura total y que se puede contratar durante la temporada de verano. De este modo, los asegurados que s\u00f3lo utilicen la moto entre los meses de junio y septiembre no tendr\u00e1n que pagar un seguro anual, ya que podr\u00e1 contratarse hasta el 30 de septiembre, con fecha de vencimiento al 31 de diciembre.<\/p>\n<blockquote><p>Mapfre tambi\u00e9n nos trae una promoci\u00f3n muy atractiva con la p\u00f3liza Cheste, y es que a todos los clientes que durante el mes de junio contraten un seguro de moto anual a todo riesgo o una p\u00f3liza de terceros ampliada se les regalar\u00e1 el dispositivo \u00abMoto Conectada\u00bb . Se trata de una soluci\u00f3n tecnol\u00f3gica incorporada a la moto para ofrecer a los propietarios informaci\u00f3n del veh\u00edculo en todo momento: mediante una app se puede consultar su localizaci\u00f3n, hacer un seguimiento en caso de robo, detectar un impacto, y emitir una llamada autom\u00e1tica a caso de accidente, entre otras cosas.<\/p>\n<p><strong><a href=\"https:\/\/youtu.be\/53MDJbQobHw\" target=\"_blank\" rel=\"noopener\">A trav\u00e9s de este enlace, conoce el dispositivo \u00abMoto Conectada\u00bb<\/a><\/strong><\/p><\/blockquote>\n<h3><\/h3>\n<h3>Grandes colaboraciones<\/h3>\n<p><a href=\"https:\/\/asseguris.com\/es\/colaboradores-empresas-seguros\/\">En Asseguris apostamos por grandes aseguradoras como Mapfre<\/a>, ya que sus p\u00f3lizas de moto protegen cerca de 600.000 motoristas en Espa\u00f1a, un 12% del total de los veh\u00edculos que asegura la compa\u00f1\u00eda en nuestro pa\u00eds. Entre sus coberturas principales, destacan la compensaci\u00f3n por da\u00f1os en el casco y vestimenta,<br \/>\nincendio o da\u00f1os por actos vand\u00e1licos o reclamaci\u00f3n de da\u00f1os a la moto, incluso estando en reposo y que no hayan sido debidos a un accidente de circulaci\u00f3n. Tambi\u00e9n se valora por encima de mercado la p\u00e9rdida total de la moto (valor nuevo el primer a\u00f1o y el resto a valor de mercado) o los da\u00f1os que pueda sufrir el tomador circulando como peat\u00f3n, etc.<\/p>\n<p>Pero no nos quedamos ah\u00ed: en Asseguris, te ofrecemos relaci\u00f3n personalizada, satisfacci\u00f3n, confianza, creaci\u00f3n de valor y an\u00e1lisis continuo. Tenemos un amplio abanico de productos y compa\u00f1\u00edas con las que trabajamos, para proponerte siempre el seguro que m\u00e1s se adapte a tus necesidades.<\/p>\n<p><a href=\"https:\/\/asseguris.com\/es\/productes\/seguro-moto\/\"><strong>\u00b7\u00b7\u00b7\u00b7\u00b7\u00b7\u00b7 Consulta aqu\u00ed todas las posibilidade que te ofrece Asseguris en seguros para motos<\/strong><\/a><\/p>\n<h4 style=\"text-align: center;\">Cont\u00e1ctanos en <a href=\"mailto:asseguris@asseguris.com\" target=\"_blank\" rel=\"noopener\"><strong>asseguris@asseguris.com<\/strong><\/a> o por tel\u00e9fono o whatsapp al 639\u00b767\u00b730\u00b708.<\/h4>\n<h4 style=\"text-align: center; font-weight: bold;\">\u00a1Estamos encantad@s de ayudarte!<\/h4>\n","protected":false},"excerpt":{"rendered":"<p>Asseguris, de la mano de Mapfre, propone asegurar tu moto o ciclomotor s\u00f3lo durante los meses de verano, gracias a la p\u00f3liza Cheste. Con la llegada del buen tiempo aumenta el uso de las motos y ciclomotores. La aseguradora Mapfre nos trae una opci\u00f3n flexible para configurar este seguro, la p\u00f3liza Cheste, con cobertura total<\/p>\n","protected":false},"author":5,"featured_media":22217,"comment_status":"closed","ping_status":"closed","sticky":false,"template":"","format":"standard","meta":{"footnotes":""},"categories":[173,2,155],"tags":[],"class_list":["post-22215","post","type-post","status-publish","format-standard","has-post-thumbnail","hentry","category-correduria-de-seguros","category-seguros","category-noticies-serhs-serveis-gestiona-es"],"yoast_head":"<!-- This site is optimized with the Yoast SEO plugin v27.5 - https:\/\/yoast.com\/product\/yoast-seo-wordpress\/ -->\n<title>Asegura tu moto o ciclomotor s\u00f3lo durante los meses de verano - ASSEGURIS<\/title>\n<meta name=\"description\" content=\"Asseguris, de la mano de Mapfre, propone asegurar tu moto o ciclomotor s\u00f3lo durante los meses de verano, gracias a la p\u00f3liza Cheste.\" \/>\n<meta name=\"robots\" content=\"index, follow, max-snippet:-1, max-image-preview:large, max-video-preview:-1\" \/>\n<link rel=\"canonical\" href=\"https:\/\/asseguris.com\/es\/asegura-tu-moto-o-ciclomotor-solo-durante-los-meses-de-verano-2\/\" \/>\n<meta property=\"og:locale\" content=\"es_ES\" \/>\n<meta property=\"og:type\" content=\"article\" \/>\n<meta property=\"og:title\" content=\"Asegura tu moto o ciclomotor s\u00f3lo durante los meses de verano - ASSEGURIS\" \/>\n<meta property=\"og:description\" content=\"Asseguris, de la mano de Mapfre, propone asegurar tu moto o ciclomotor s\u00f3lo durante los meses de verano, gracias a la p\u00f3liza Cheste.\" \/>\n<meta property=\"og:url\" content=\"https:\/\/asseguris.com\/es\/asegura-tu-moto-o-ciclomotor-solo-durante-los-meses-de-verano-2\/\" \/>\n<meta property=\"og:site_name\" content=\"ASSEGURIS\" \/>\n<meta property=\"article:published_time\" content=\"2021-06-03T11:20:12+00:00\" \/>\n<meta property=\"article:modified_time\" content=\"2021-06-23T10:14:17+00:00\" \/>\n<meta property=\"og:image\" content=\"https:\/\/asseguris.com\/wp-content\/uploads\/2021\/05\/210602-Moto-Cheste.jpg\" \/>\n\t<meta property=\"og:image:width\" content=\"1200\" \/>\n\t<meta property=\"og:image:height\" content=\"800\" \/>\n\t<meta property=\"og:image:type\" content=\"image\/jpeg\" \/>\n<meta name=\"author\" content=\"rf\" \/>\n<meta name=\"twitter:card\" content=\"summary_large_image\" \/>\n<meta name=\"twitter:label1\" content=\"Escrito por\" \/>\n\t<meta name=\"twitter:data1\" content=\"rf\" \/>\n\t<meta name=\"twitter:label2\" content=\"Tiempo de lectura\" \/>\n\t<meta name=\"twitter:data2\" content=\"2 minutos\" \/>\n<script type=\"application\/ld+json\" class=\"yoast-schema-graph\">{\"@context\":\"https:\\\/\\\/schema.org\",\"@graph\":[{\"@type\":\"Article\",\"@id\":\"https:\\\/\\\/asseguris.com\\\/es\\\/asegura-tu-moto-o-ciclomotor-solo-durante-los-meses-de-verano-2\\\/#article\",\"isPartOf\":{\"@id\":\"https:\\\/\\\/asseguris.com\\\/es\\\/asegura-tu-moto-o-ciclomotor-solo-durante-los-meses-de-verano-2\\\/\"},\"author\":{\"name\":\"rf\",\"@id\":\"https:\\\/\\\/asseguris.com\\\/es\\\/#\\\/schema\\\/person\\\/14dfd815c233394cb2ca29ea2ef60d5d\"},\"headline\":\"Asegura tu moto o ciclomotor s\u00f3lo durante los meses de verano\",\"datePublished\":\"2021-06-03T11:20:12+00:00\",\"dateModified\":\"2021-06-23T10:14:17+00:00\",\"mainEntityOfPage\":{\"@id\":\"https:\\\/\\\/asseguris.com\\\/es\\\/asegura-tu-moto-o-ciclomotor-solo-durante-los-meses-de-verano-2\\\/\"},\"wordCount\":452,\"image\":{\"@id\":\"https:\\\/\\\/asseguris.com\\\/es\\\/asegura-tu-moto-o-ciclomotor-solo-durante-los-meses-de-verano-2\\\/#primaryimage\"},\"thumbnailUrl\":\"https:\\\/\\\/asseguris.com\\\/wp-content\\\/uploads\\\/2021\\\/05\\\/210602-Moto-Cheste.jpg\",\"articleSection\":[\"Corredur\u00eda de seguros\",\"Seguros\",\"SERHS Serveis Gestiona\"],\"inLanguage\":\"es\"},{\"@type\":\"WebPage\",\"@id\":\"https:\\\/\\\/asseguris.com\\\/es\\\/asegura-tu-moto-o-ciclomotor-solo-durante-los-meses-de-verano-2\\\/\",\"url\":\"https:\\\/\\\/asseguris.com\\\/es\\\/asegura-tu-moto-o-ciclomotor-solo-durante-los-meses-de-verano-2\\\/\",\"name\":\"Asegura tu moto o ciclomotor s\u00f3lo durante los meses de verano - ASSEGURIS\",\"isPartOf\":{\"@id\":\"https:\\\/\\\/asseguris.com\\\/es\\\/#website\"},\"primaryImageOfPage\":{\"@id\":\"https:\\\/\\\/asseguris.com\\\/es\\\/asegura-tu-moto-o-ciclomotor-solo-durante-los-meses-de-verano-2\\\/#primaryimage\"},\"image\":{\"@id\":\"https:\\\/\\\/asseguris.com\\\/es\\\/asegura-tu-moto-o-ciclomotor-solo-durante-los-meses-de-verano-2\\\/#primaryimage\"},\"thumbnailUrl\":\"https:\\\/\\\/asseguris.com\\\/wp-content\\\/uploads\\\/2021\\\/05\\\/210602-Moto-Cheste.jpg\",\"datePublished\":\"2021-06-03T11:20:12+00:00\",\"dateModified\":\"2021-06-23T10:14:17+00:00\",\"author\":{\"@id\":\"https:\\\/\\\/asseguris.com\\\/es\\\/#\\\/schema\\\/person\\\/14dfd815c233394cb2ca29ea2ef60d5d\"},\"description\":\"Asseguris, de la mano de Mapfre, propone asegurar tu moto o ciclomotor s\u00f3lo durante los meses de verano, gracias a la p\u00f3liza Cheste.\",\"breadcrumb\":{\"@id\":\"https:\\\/\\\/asseguris.com\\\/es\\\/asegura-tu-moto-o-ciclomotor-solo-durante-los-meses-de-verano-2\\\/#breadcrumb\"},\"inLanguage\":\"es\",\"potentialAction\":[{\"@type\":\"ReadAction\",\"target\":[\"https:\\\/\\\/asseguris.com\\\/es\\\/asegura-tu-moto-o-ciclomotor-solo-durante-los-meses-de-verano-2\\\/\"]}]},{\"@type\":\"ImageObject\",\"inLanguage\":\"es\",\"@id\":\"https:\\\/\\\/asseguris.com\\\/es\\\/asegura-tu-moto-o-ciclomotor-solo-durante-los-meses-de-verano-2\\\/#primaryimage\",\"url\":\"https:\\\/\\\/asseguris.com\\\/wp-content\\\/uploads\\\/2021\\\/05\\\/210602-Moto-Cheste.jpg\",\"contentUrl\":\"https:\\\/\\\/asseguris.com\\\/wp-content\\\/uploads\\\/2021\\\/05\\\/210602-Moto-Cheste.jpg\",\"width\":1200,\"height\":800},{\"@type\":\"BreadcrumbList\",\"@id\":\"https:\\\/\\\/asseguris.com\\\/es\\\/asegura-tu-moto-o-ciclomotor-solo-durante-los-meses-de-verano-2\\\/#breadcrumb\",\"itemListElement\":[{\"@type\":\"ListItem\",\"position\":1,\"name\":\"Portada\",\"item\":\"https:\\\/\\\/asseguris.com\\\/\"},{\"@type\":\"ListItem\",\"position\":2,\"name\":\"Asegura tu moto o ciclomotor s\u00f3lo durante los meses de verano\"}]},{\"@type\":\"WebSite\",\"@id\":\"https:\\\/\\\/asseguris.com\\\/es\\\/#website\",\"url\":\"https:\\\/\\\/asseguris.com\\\/es\\\/\",\"name\":\"ASSEGURIS\",\"description\":\"Especialistas en seguros para empresas en Pineda de Mar y Calella\",\"potentialAction\":[{\"@type\":\"SearchAction\",\"target\":{\"@type\":\"EntryPoint\",\"urlTemplate\":\"https:\\\/\\\/asseguris.com\\\/es\\\/?s={search_term_string}\"},\"query-input\":{\"@type\":\"PropertyValueSpecification\",\"valueRequired\":true,\"valueName\":\"search_term_string\"}}],\"inLanguage\":\"es\"},{\"@type\":\"Person\",\"@id\":\"https:\\\/\\\/asseguris.com\\\/es\\\/#\\\/schema\\\/person\\\/14dfd815c233394cb2ca29ea2ef60d5d\",\"name\":\"rf\",\"url\":\"https:\\\/\\\/asseguris.com\\\/es\\\/author\\\/rf\\\/\"}]}<\/script>\n<!-- \/ Yoast SEO plugin. -->","yoast_head_json":{"title":"Asegura tu moto o ciclomotor s\u00f3lo durante los meses de verano - ASSEGURIS","description":"Asseguris, de la mano de Mapfre, propone asegurar tu moto o ciclomotor s\u00f3lo durante los meses de verano, gracias a la p\u00f3liza Cheste.","robots":{"index":"index","follow":"follow","max-snippet":"max-snippet:-1","max-image-preview":"max-image-preview:large","max-video-preview":"max-video-preview:-1"},"canonical":"https:\/\/asseguris.com\/es\/asegura-tu-moto-o-ciclomotor-solo-durante-los-meses-de-verano-2\/","og_locale":"es_ES","og_type":"article","og_title":"Asegura tu moto o ciclomotor s\u00f3lo durante los meses de verano - ASSEGURIS","og_description":"Asseguris, de la mano de Mapfre, propone asegurar tu moto o ciclomotor s\u00f3lo durante los meses de verano, gracias a la p\u00f3liza Cheste.","og_url":"https:\/\/asseguris.com\/es\/asegura-tu-moto-o-ciclomotor-solo-durante-los-meses-de-verano-2\/","og_site_name":"ASSEGURIS","article_published_time":"2021-06-03T11:20:12+00:00","article_modified_time":"2021-06-23T10:14:17+00:00","og_image":[{"width":1200,"height":800,"url":"https:\/\/asseguris.com\/wp-content\/uploads\/2021\/05\/210602-Moto-Cheste.jpg","type":"image\/jpeg"}],"author":"rf","twitter_card":"summary_large_image","twitter_misc":{"Escrito por":"rf","Tiempo de lectura":"2 minutos"},"schema":{"@context":"https:\/\/schema.org","@graph":[{"@type":"Article","@id":"https:\/\/asseguris.com\/es\/asegura-tu-moto-o-ciclomotor-solo-durante-los-meses-de-verano-2\/#article","isPartOf":{"@id":"https:\/\/asseguris.com\/es\/asegura-tu-moto-o-ciclomotor-solo-durante-los-meses-de-verano-2\/"},"author":{"name":"rf","@id":"https:\/\/asseguris.com\/es\/#\/schema\/person\/14dfd815c233394cb2ca29ea2ef60d5d"},"headline":"Asegura tu moto o ciclomotor s\u00f3lo durante los meses de verano","datePublished":"2021-06-03T11:20:12+00:00","dateModified":"2021-06-23T10:14:17+00:00","mainEntityOfPage":{"@id":"https:\/\/asseguris.com\/es\/asegura-tu-moto-o-ciclomotor-solo-durante-los-meses-de-verano-2\/"},"wordCount":452,"image":{"@id":"https:\/\/asseguris.com\/es\/asegura-tu-moto-o-ciclomotor-solo-durante-los-meses-de-verano-2\/#primaryimage"},"thumbnailUrl":"https:\/\/asseguris.com\/wp-content\/uploads\/2021\/05\/210602-Moto-Cheste.jpg","articleSection":["Corredur\u00eda de seguros","Seguros","SERHS Serveis Gestiona"],"inLanguage":"es"},{"@type":"WebPage","@id":"https:\/\/asseguris.com\/es\/asegura-tu-moto-o-ciclomotor-solo-durante-los-meses-de-verano-2\/","url":"https:\/\/asseguris.com\/es\/asegura-tu-moto-o-ciclomotor-solo-durante-los-meses-de-verano-2\/","name":"Asegura tu moto o ciclomotor s\u00f3lo durante los meses de verano - ASSEGURIS","isPartOf":{"@id":"https:\/\/asseguris.com\/es\/#website"},"primaryImageOfPage":{"@id":"https:\/\/asseguris.com\/es\/asegura-tu-moto-o-ciclomotor-solo-durante-los-meses-de-verano-2\/#primaryimage"},"image":{"@id":"https:\/\/asseguris.com\/es\/asegura-tu-moto-o-ciclomotor-solo-durante-los-meses-de-verano-2\/#primaryimage"},"thumbnailUrl":"https:\/\/asseguris.com\/wp-content\/uploads\/2021\/05\/210602-Moto-Cheste.jpg","datePublished":"2021-06-03T11:20:12+00:00","dateModified":"2021-06-23T10:14:17+00:00","author":{"@id":"https:\/\/asseguris.com\/es\/#\/schema\/person\/14dfd815c233394cb2ca29ea2ef60d5d"},"description":"Asseguris, de la mano de Mapfre, propone asegurar tu moto o ciclomotor s\u00f3lo durante los meses de verano, gracias a la p\u00f3liza Cheste.","breadcrumb":{"@id":"https:\/\/asseguris.com\/es\/asegura-tu-moto-o-ciclomotor-solo-durante-los-meses-de-verano-2\/#breadcrumb"},"inLanguage":"es","potentialAction":[{"@type":"ReadAction","target":["https:\/\/asseguris.com\/es\/asegura-tu-moto-o-ciclomotor-solo-durante-los-meses-de-verano-2\/"]}]},{"@type":"ImageObject","inLanguage":"es","@id":"https:\/\/asseguris.com\/es\/asegura-tu-moto-o-ciclomotor-solo-durante-los-meses-de-verano-2\/#primaryimage","url":"https:\/\/asseguris.com\/wp-content\/uploads\/2021\/05\/210602-Moto-Cheste.jpg","contentUrl":"https:\/\/asseguris.com\/wp-content\/uploads\/2021\/05\/210602-Moto-Cheste.jpg","width":1200,"height":800},{"@type":"BreadcrumbList","@id":"https:\/\/asseguris.com\/es\/asegura-tu-moto-o-ciclomotor-solo-durante-los-meses-de-verano-2\/#breadcrumb","itemListElement":[{"@type":"ListItem","position":1,"name":"Portada","item":"https:\/\/asseguris.com\/"},{"@type":"ListItem","position":2,"name":"Asegura tu moto o ciclomotor s\u00f3lo durante los meses de verano"}]},{"@type":"WebSite","@id":"https:\/\/asseguris.com\/es\/#website","url":"https:\/\/asseguris.com\/es\/","name":"ASSEGURIS","description":"Especialistas en seguros para empresas en Pineda de Mar y Calella","potentialAction":[{"@type":"SearchAction","target":{"@type":"EntryPoint","urlTemplate":"https:\/\/asseguris.com\/es\/?s={search_term_string}"},"query-input":{"@type":"PropertyValueSpecification","valueRequired":true,"valueName":"search_term_string"}}],"inLanguage":"es"},{"@type":"Person","@id":"https:\/\/asseguris.com\/es\/#\/schema\/person\/14dfd815c233394cb2ca29ea2ef60d5d","name":"rf","url":"https:\/\/asseguris.com\/es\/author\/rf\/"}]}},"_links":{"self":[{"href":"https:\/\/asseguris.com\/es\/wp-json\/wp\/v2\/posts\/22215","targetHints":{"allow":["GET"]}}],"collection":[{"href":"https:\/\/asseguris.com\/es\/wp-json\/wp\/v2\/posts"}],"about":[{"href":"https:\/\/asseguris.com\/es\/wp-json\/wp\/v2\/types\/post"}],"author":[{"embeddable":true,"href":"https:\/\/asseguris.com\/es\/wp-json\/wp\/v2\/users\/5"}],"replies":[{"embeddable":true,"href":"https:\/\/asseguris.com\/es\/wp-json\/wp\/v2\/comments?post=22215"}],"version-history":[{"count":0,"href":"https:\/\/asseguris.com\/es\/wp-json\/wp\/v2\/posts\/22215\/revisions"}],"wp:featuredmedia":[{"embeddable":true,"href":"https:\/\/asseguris.com\/es\/wp-json\/wp\/v2\/media\/22217"}],"wp:attachment":[{"href":"https:\/\/asseguris.com\/es\/wp-json\/wp\/v2\/media?parent=22215"}],"wp:term":[{"taxonomy":"category","embeddable":true,"href":"https:\/\/asseguris.com\/es\/wp-json\/wp\/v2\/categories?post=22215"},{"taxonomy":"post_tag","embeddable":true,"href":"https:\/\/asseguris.com\/es\/wp-json\/wp\/v2\/tags?post=22215"}],"curies":[{"name":"wp","href":"https:\/\/api.w.org\/{rel}","templated":true}]}}