{"id":19406,"date":"2019-06-03T10:06:22","date_gmt":"2019-06-03T08:06:22","guid":{"rendered":"https:\/\/www.asseguris.com\/exclusivitat-en-assegurances-pel-gremi-dhostaleria-de-vilanova\/"},"modified":"2023-05-02T12:19:12","modified_gmt":"2023-05-02T10:19:12","slug":"exclusivitat-en-assegurances-pel-gremi-hostaleria-de-vilanova","status":"publish","type":"post","link":"https:\/\/asseguris.com\/es\/exclusivitat-en-assegurances-pel-gremi-hostaleria-de-vilanova\/","title":{"rendered":"P\u00f3lizas de seguros exclusivas para el Gremio de Hosteler\u00eda de Vilanova"},"content":{"rendered":"<h3><span style=\"font-weight: 400;\">SERHS Serveis y el <a href=\"http:\/\/www.gremivng.com\/\">Gremi de Vilanova<\/a> lanzan la nueva campa\u00f1a del Pack de seguros exclusivo que Asseguris, de la mano de CASER Salud, posen a disposici\u00f3n de todos los agremiados.<\/span><\/h3>\n<p><span style=\"font-weight: 400;\">A ra\u00edz del convenio de colaboraci\u00f3n firmado con la <a href=\"http:\/\/fihr.cat\/\">FIHRT (Federaci\u00f3n Intercomarcal de la Hosteler\u00eda y la Restauraci\u00f3n)<\/a>, lanzamos la campa\u00f1a de seguros exclusiva de la que se podr\u00e1n beneficiar todos los asociados al <a href=\"http:\/\/www.gremivng.com\/\">gremio de Hosteler\u00eda de Vilanova i la Geltr\u00fa<\/a>. Queremos que todos sus agremiados vivan tranquilos con SEGURPROTECT, la cobertura pensada a medida para el peque\u00f1o y mediano negocio de restauraci\u00f3n.<\/span><\/p>\n<p><span style=\"font-weight: 400;\">SEGURPROTECT es la p\u00f3liza de seguros de da\u00f1os y Responsabilidad Civil que <\/span><span style=\"font-weight: 400;\">permite beneficiarte y sentirte protegido a la hora de todas las posibles incidencias que surjan en tu negocio de restauraci\u00f3n, en materia de :<\/span><\/p>\n<ul>\n<li style=\"font-weight: 400;\"><span style=\"font-weight: 400;\">Mantenimiento de revisiones obligatorias ( SEGURPROTECT)<\/span><\/li>\n<li style=\"font-weight: 400;\"><span style=\"font-weight: 400;\">Estar protegido de posibles incidencias en la aplicaci\u00f3n de la nueva normativa de protecci\u00f3n de datos personales de tus clientes (DATASSEGURIS).<\/span><\/li>\n<li style=\"font-weight: 400;\"><span style=\"font-weight: 400;\">Protecci\u00f3n de toda la informaci\u00f3n y datos de m\u00e1xima confidencialidad frente a posibles ataques cibern\u00e9ticos (CIBERSECURE)<\/span><\/li>\n<li style=\"font-weight: 400;\"><span style=\"font-weight: 400;\">Poder disponer de todo el pack completo anterior de seguros con MULTIASSEGURIS.<\/span><\/li>\n<\/ul>\n<p><span style=\"font-weight: 400;\">Tu tranquilidad y seguridad es nuestro principal reto, y por eso nos preocupamos en cuidar al m\u00e1ximo tu negocio, tu bienestar.<\/span><\/p>\n<p><span style=\"font-weight: 400;\">Adem\u00e1s, con la contrataci\u00f3n de nuestro pack de seguros todos los agremiados podr\u00e1n disfrutar de una p\u00f3liza de decesos gratuita.<\/span><\/p>\n<p><span style=\"font-weight: 400;\">En definitiva, SERHS Serveis y el Gremi de Vilanova trabajan juntos para ofrecerte toda la protecci\u00f3n y seguridad que tus asociados merecen.<\/span><\/p>\n<p style=\"text-align: center;\"><span style=\"font-weight: 400;\">Para m\u00e1s informaci\u00f3n cont\u00e1ctanos en <\/span><a href=\"mailto:asseguris@asseguris.com\"><span style=\"font-weight: 400;\">asseguris@www.asseguris.com<\/span><\/a><span style=\"font-weight: 400;\"> o ll\u00e1mano al <strong>93\u00b7703\u00b725\u00b720 | 639\u00b767\u00b730\u00b708<\/strong><\/span><\/p>\n<p style=\"text-align: center;\"><a href=\"https:\/\/asseguris.com\/wp-content\/uploads\/2019\/06\/Pack-Asseguris_Vilanova-esp.pdf\">M\u00e1s informaci\u00f3n<\/a><\/p>\n","protected":false},"excerpt":{"rendered":"<p>SERHS Serveis y el Gremi de Vilanova lanzan la nueva campa\u00f1a del Pack de seguros exclusivo que Asseguris, de la mano de CASER Salud, posen a disposici\u00f3n de todos los agremiados. A ra\u00edz del convenio de colaboraci\u00f3n firmado con la FIHRT (Federaci\u00f3n Intercomarcal de la Hosteler\u00eda y la Restauraci\u00f3n), lanzamos la campa\u00f1a de seguros exclusiva<\/p>\n","protected":false},"author":5,"featured_media":20432,"comment_status":"closed","ping_status":"closed","sticky":false,"template":"","format":"standard","meta":{"footnotes":""},"categories":[2,155],"tags":[],"class_list":["post-19406","post","type-post","status-publish","format-standard","has-post-thumbnail","hentry","category-seguros","category-noticies-serhs-serveis-gestiona-es"],"yoast_head":"<!-- This site is optimized with the Yoast SEO plugin v27.5 - https:\/\/yoast.com\/product\/yoast-seo-wordpress\/ -->\n<title>P\u00f3lizas de seguros exclusivas para el Gremio de Hosteler\u00eda de Vilanova - ASSEGURIS<\/title>\n<meta name=\"description\" content=\"SERHS Serveis y el Gremio de Vilanova lanzan la nueva campa\u00f1a de p\u00f3lizas de seguros exclusivas que Asseguris pone a disposici\u00f3n de todos los agremiados.\" \/>\n<meta name=\"robots\" content=\"index, follow, max-snippet:-1, max-image-preview:large, max-video-preview:-1\" \/>\n<link rel=\"canonical\" href=\"https:\/\/asseguris.com\/es\/exclusivitat-en-assegurances-pel-gremi-hostaleria-de-vilanova\/\" \/>\n<meta property=\"og:locale\" content=\"es_ES\" \/>\n<meta property=\"og:type\" content=\"article\" \/>\n<meta property=\"og:title\" content=\"P\u00f3lizas de seguros exclusivas para el Gremio de Hosteler\u00eda de Vilanova - ASSEGURIS\" \/>\n<meta property=\"og:description\" content=\"SERHS Serveis y el Gremio de Vilanova lanzan la nueva campa\u00f1a de p\u00f3lizas de seguros exclusivas que Asseguris pone a disposici\u00f3n de todos los agremiados.\" \/>\n<meta property=\"og:url\" content=\"https:\/\/asseguris.com\/es\/exclusivitat-en-assegurances-pel-gremi-hostaleria-de-vilanova\/\" \/>\n<meta property=\"og:site_name\" content=\"ASSEGURIS\" \/>\n<meta property=\"article:published_time\" content=\"2019-06-03T08:06:22+00:00\" \/>\n<meta property=\"article:modified_time\" content=\"2023-05-02T10:19:12+00:00\" \/>\n<meta property=\"og:image\" content=\"https:\/\/asseguris.com\/wp-content\/uploads\/2019\/06\/Assegurances-per-a-la-llar-vehicle-salut-i-ciber-seguretat-ASSEGURIS.jpg\" \/>\n\t<meta property=\"og:image:width\" content=\"800\" \/>\n\t<meta property=\"og:image:height\" content=\"584\" \/>\n\t<meta property=\"og:image:type\" content=\"image\/jpeg\" \/>\n<meta name=\"author\" content=\"rf\" \/>\n<meta name=\"twitter:card\" content=\"summary_large_image\" \/>\n<meta name=\"twitter:label1\" content=\"Escrito por\" \/>\n\t<meta name=\"twitter:data1\" content=\"rf\" \/>\n\t<meta name=\"twitter:label2\" content=\"Tiempo de lectura\" \/>\n\t<meta name=\"twitter:data2\" content=\"1 minuto\" \/>\n<script type=\"application\/ld+json\" class=\"yoast-schema-graph\">{\"@context\":\"https:\\\/\\\/schema.org\",\"@graph\":[{\"@type\":\"Article\",\"@id\":\"https:\\\/\\\/asseguris.com\\\/es\\\/exclusivitat-en-assegurances-pel-gremi-hostaleria-de-vilanova\\\/#article\",\"isPartOf\":{\"@id\":\"https:\\\/\\\/asseguris.com\\\/es\\\/exclusivitat-en-assegurances-pel-gremi-hostaleria-de-vilanova\\\/\"},\"author\":{\"name\":\"rf\",\"@id\":\"https:\\\/\\\/asseguris.com\\\/es\\\/#\\\/schema\\\/person\\\/14dfd815c233394cb2ca29ea2ef60d5d\"},\"headline\":\"P\u00f3lizas de seguros exclusivas para el Gremio de Hosteler\u00eda de Vilanova\",\"datePublished\":\"2019-06-03T08:06:22+00:00\",\"dateModified\":\"2023-05-02T10:19:12+00:00\",\"mainEntityOfPage\":{\"@id\":\"https:\\\/\\\/asseguris.com\\\/es\\\/exclusivitat-en-assegurances-pel-gremi-hostaleria-de-vilanova\\\/\"},\"wordCount\":307,\"image\":{\"@id\":\"https:\\\/\\\/asseguris.com\\\/es\\\/exclusivitat-en-assegurances-pel-gremi-hostaleria-de-vilanova\\\/#primaryimage\"},\"thumbnailUrl\":\"https:\\\/\\\/asseguris.com\\\/wp-content\\\/uploads\\\/2019\\\/06\\\/Assegurances-per-a-la-llar-vehicle-salut-i-ciber-seguretat-ASSEGURIS.jpg\",\"articleSection\":[\"Seguros\",\"SERHS Serveis Gestiona\"],\"inLanguage\":\"es\"},{\"@type\":\"WebPage\",\"@id\":\"https:\\\/\\\/asseguris.com\\\/es\\\/exclusivitat-en-assegurances-pel-gremi-hostaleria-de-vilanova\\\/\",\"url\":\"https:\\\/\\\/asseguris.com\\\/es\\\/exclusivitat-en-assegurances-pel-gremi-hostaleria-de-vilanova\\\/\",\"name\":\"P\u00f3lizas de seguros exclusivas para el Gremio de Hosteler\u00eda de Vilanova - ASSEGURIS\",\"isPartOf\":{\"@id\":\"https:\\\/\\\/asseguris.com\\\/es\\\/#website\"},\"primaryImageOfPage\":{\"@id\":\"https:\\\/\\\/asseguris.com\\\/es\\\/exclusivitat-en-assegurances-pel-gremi-hostaleria-de-vilanova\\\/#primaryimage\"},\"image\":{\"@id\":\"https:\\\/\\\/asseguris.com\\\/es\\\/exclusivitat-en-assegurances-pel-gremi-hostaleria-de-vilanova\\\/#primaryimage\"},\"thumbnailUrl\":\"https:\\\/\\\/asseguris.com\\\/wp-content\\\/uploads\\\/2019\\\/06\\\/Assegurances-per-a-la-llar-vehicle-salut-i-ciber-seguretat-ASSEGURIS.jpg\",\"datePublished\":\"2019-06-03T08:06:22+00:00\",\"dateModified\":\"2023-05-02T10:19:12+00:00\",\"author\":{\"@id\":\"https:\\\/\\\/asseguris.com\\\/es\\\/#\\\/schema\\\/person\\\/14dfd815c233394cb2ca29ea2ef60d5d\"},\"description\":\"SERHS Serveis y el Gremio de Vilanova lanzan la nueva campa\u00f1a de p\u00f3lizas de seguros exclusivas que Asseguris pone a disposici\u00f3n de todos los agremiados.\",\"breadcrumb\":{\"@id\":\"https:\\\/\\\/asseguris.com\\\/es\\\/exclusivitat-en-assegurances-pel-gremi-hostaleria-de-vilanova\\\/#breadcrumb\"},\"inLanguage\":\"es\",\"potentialAction\":[{\"@type\":\"ReadAction\",\"target\":[\"https:\\\/\\\/asseguris.com\\\/es\\\/exclusivitat-en-assegurances-pel-gremi-hostaleria-de-vilanova\\\/\"]}]},{\"@type\":\"ImageObject\",\"inLanguage\":\"es\",\"@id\":\"https:\\\/\\\/asseguris.com\\\/es\\\/exclusivitat-en-assegurances-pel-gremi-hostaleria-de-vilanova\\\/#primaryimage\",\"url\":\"https:\\\/\\\/asseguris.com\\\/wp-content\\\/uploads\\\/2019\\\/06\\\/Assegurances-per-a-la-llar-vehicle-salut-i-ciber-seguretat-ASSEGURIS.jpg\",\"contentUrl\":\"https:\\\/\\\/asseguris.com\\\/wp-content\\\/uploads\\\/2019\\\/06\\\/Assegurances-per-a-la-llar-vehicle-salut-i-ciber-seguretat-ASSEGURIS.jpg\",\"width\":800,\"height\":584,\"caption\":\"Seguros para el hogar, veh\u00edculo, salud y ciber seguridad - ASSEGURIS\"},{\"@type\":\"BreadcrumbList\",\"@id\":\"https:\\\/\\\/asseguris.com\\\/es\\\/exclusivitat-en-assegurances-pel-gremi-hostaleria-de-vilanova\\\/#breadcrumb\",\"itemListElement\":[{\"@type\":\"ListItem\",\"position\":1,\"name\":\"Portada\",\"item\":\"https:\\\/\\\/asseguris.com\\\/\"},{\"@type\":\"ListItem\",\"position\":2,\"name\":\"P\u00f3lizas de seguros exclusivas para el Gremio de Hosteler\u00eda de Vilanova\"}]},{\"@type\":\"WebSite\",\"@id\":\"https:\\\/\\\/asseguris.com\\\/es\\\/#website\",\"url\":\"https:\\\/\\\/asseguris.com\\\/es\\\/\",\"name\":\"ASSEGURIS\",\"description\":\"Especialistas en seguros para empresas en Pineda de Mar y Calella\",\"potentialAction\":[{\"@type\":\"SearchAction\",\"target\":{\"@type\":\"EntryPoint\",\"urlTemplate\":\"https:\\\/\\\/asseguris.com\\\/es\\\/?s={search_term_string}\"},\"query-input\":{\"@type\":\"PropertyValueSpecification\",\"valueRequired\":true,\"valueName\":\"search_term_string\"}}],\"inLanguage\":\"es\"},{\"@type\":\"Person\",\"@id\":\"https:\\\/\\\/asseguris.com\\\/es\\\/#\\\/schema\\\/person\\\/14dfd815c233394cb2ca29ea2ef60d5d\",\"name\":\"rf\",\"url\":\"https:\\\/\\\/asseguris.com\\\/es\\\/author\\\/rf\\\/\"}]}<\/script>\n<!-- \/ Yoast SEO plugin. -->","yoast_head_json":{"title":"P\u00f3lizas de seguros exclusivas para el Gremio de Hosteler\u00eda de Vilanova - ASSEGURIS","description":"SERHS Serveis y el Gremio de Vilanova lanzan la nueva campa\u00f1a de p\u00f3lizas de seguros exclusivas que Asseguris pone a disposici\u00f3n de todos los agremiados.","robots":{"index":"index","follow":"follow","max-snippet":"max-snippet:-1","max-image-preview":"max-image-preview:large","max-video-preview":"max-video-preview:-1"},"canonical":"https:\/\/asseguris.com\/es\/exclusivitat-en-assegurances-pel-gremi-hostaleria-de-vilanova\/","og_locale":"es_ES","og_type":"article","og_title":"P\u00f3lizas de seguros exclusivas para el Gremio de Hosteler\u00eda de Vilanova - ASSEGURIS","og_description":"SERHS Serveis y el Gremio de Vilanova lanzan la nueva campa\u00f1a de p\u00f3lizas de seguros exclusivas que Asseguris pone a disposici\u00f3n de todos los agremiados.","og_url":"https:\/\/asseguris.com\/es\/exclusivitat-en-assegurances-pel-gremi-hostaleria-de-vilanova\/","og_site_name":"ASSEGURIS","article_published_time":"2019-06-03T08:06:22+00:00","article_modified_time":"2023-05-02T10:19:12+00:00","og_image":[{"width":800,"height":584,"url":"https:\/\/asseguris.com\/wp-content\/uploads\/2019\/06\/Assegurances-per-a-la-llar-vehicle-salut-i-ciber-seguretat-ASSEGURIS.jpg","type":"image\/jpeg"}],"author":"rf","twitter_card":"summary_large_image","twitter_misc":{"Escrito por":"rf","Tiempo de lectura":"1 minuto"},"schema":{"@context":"https:\/\/schema.org","@graph":[{"@type":"Article","@id":"https:\/\/asseguris.com\/es\/exclusivitat-en-assegurances-pel-gremi-hostaleria-de-vilanova\/#article","isPartOf":{"@id":"https:\/\/asseguris.com\/es\/exclusivitat-en-assegurances-pel-gremi-hostaleria-de-vilanova\/"},"author":{"name":"rf","@id":"https:\/\/asseguris.com\/es\/#\/schema\/person\/14dfd815c233394cb2ca29ea2ef60d5d"},"headline":"P\u00f3lizas de seguros exclusivas para el Gremio de Hosteler\u00eda de Vilanova","datePublished":"2019-06-03T08:06:22+00:00","dateModified":"2023-05-02T10:19:12+00:00","mainEntityOfPage":{"@id":"https:\/\/asseguris.com\/es\/exclusivitat-en-assegurances-pel-gremi-hostaleria-de-vilanova\/"},"wordCount":307,"image":{"@id":"https:\/\/asseguris.com\/es\/exclusivitat-en-assegurances-pel-gremi-hostaleria-de-vilanova\/#primaryimage"},"thumbnailUrl":"https:\/\/asseguris.com\/wp-content\/uploads\/2019\/06\/Assegurances-per-a-la-llar-vehicle-salut-i-ciber-seguretat-ASSEGURIS.jpg","articleSection":["Seguros","SERHS Serveis Gestiona"],"inLanguage":"es"},{"@type":"WebPage","@id":"https:\/\/asseguris.com\/es\/exclusivitat-en-assegurances-pel-gremi-hostaleria-de-vilanova\/","url":"https:\/\/asseguris.com\/es\/exclusivitat-en-assegurances-pel-gremi-hostaleria-de-vilanova\/","name":"P\u00f3lizas de seguros exclusivas para el Gremio de Hosteler\u00eda de Vilanova - ASSEGURIS","isPartOf":{"@id":"https:\/\/asseguris.com\/es\/#website"},"primaryImageOfPage":{"@id":"https:\/\/asseguris.com\/es\/exclusivitat-en-assegurances-pel-gremi-hostaleria-de-vilanova\/#primaryimage"},"image":{"@id":"https:\/\/asseguris.com\/es\/exclusivitat-en-assegurances-pel-gremi-hostaleria-de-vilanova\/#primaryimage"},"thumbnailUrl":"https:\/\/asseguris.com\/wp-content\/uploads\/2019\/06\/Assegurances-per-a-la-llar-vehicle-salut-i-ciber-seguretat-ASSEGURIS.jpg","datePublished":"2019-06-03T08:06:22+00:00","dateModified":"2023-05-02T10:19:12+00:00","author":{"@id":"https:\/\/asseguris.com\/es\/#\/schema\/person\/14dfd815c233394cb2ca29ea2ef60d5d"},"description":"SERHS Serveis y el Gremio de Vilanova lanzan la nueva campa\u00f1a de p\u00f3lizas de seguros exclusivas que Asseguris pone a disposici\u00f3n de todos los agremiados.","breadcrumb":{"@id":"https:\/\/asseguris.com\/es\/exclusivitat-en-assegurances-pel-gremi-hostaleria-de-vilanova\/#breadcrumb"},"inLanguage":"es","potentialAction":[{"@type":"ReadAction","target":["https:\/\/asseguris.com\/es\/exclusivitat-en-assegurances-pel-gremi-hostaleria-de-vilanova\/"]}]},{"@type":"ImageObject","inLanguage":"es","@id":"https:\/\/asseguris.com\/es\/exclusivitat-en-assegurances-pel-gremi-hostaleria-de-vilanova\/#primaryimage","url":"https:\/\/asseguris.com\/wp-content\/uploads\/2019\/06\/Assegurances-per-a-la-llar-vehicle-salut-i-ciber-seguretat-ASSEGURIS.jpg","contentUrl":"https:\/\/asseguris.com\/wp-content\/uploads\/2019\/06\/Assegurances-per-a-la-llar-vehicle-salut-i-ciber-seguretat-ASSEGURIS.jpg","width":800,"height":584,"caption":"Seguros para el hogar, veh\u00edculo, salud y ciber seguridad - ASSEGURIS"},{"@type":"BreadcrumbList","@id":"https:\/\/asseguris.com\/es\/exclusivitat-en-assegurances-pel-gremi-hostaleria-de-vilanova\/#breadcrumb","itemListElement":[{"@type":"ListItem","position":1,"name":"Portada","item":"https:\/\/asseguris.com\/"},{"@type":"ListItem","position":2,"name":"P\u00f3lizas de seguros exclusivas para el Gremio de Hosteler\u00eda de Vilanova"}]},{"@type":"WebSite","@id":"https:\/\/asseguris.com\/es\/#website","url":"https:\/\/asseguris.com\/es\/","name":"ASSEGURIS","description":"Especialistas en seguros para empresas en Pineda de Mar y Calella","potentialAction":[{"@type":"SearchAction","target":{"@type":"EntryPoint","urlTemplate":"https:\/\/asseguris.com\/es\/?s={search_term_string}"},"query-input":{"@type":"PropertyValueSpecification","valueRequired":true,"valueName":"search_term_string"}}],"inLanguage":"es"},{"@type":"Person","@id":"https:\/\/asseguris.com\/es\/#\/schema\/person\/14dfd815c233394cb2ca29ea2ef60d5d","name":"rf","url":"https:\/\/asseguris.com\/es\/author\/rf\/"}]}},"_links":{"self":[{"href":"https:\/\/asseguris.com\/es\/wp-json\/wp\/v2\/posts\/19406","targetHints":{"allow":["GET"]}}],"collection":[{"href":"https:\/\/asseguris.com\/es\/wp-json\/wp\/v2\/posts"}],"about":[{"href":"https:\/\/asseguris.com\/es\/wp-json\/wp\/v2\/types\/post"}],"author":[{"embeddable":true,"href":"https:\/\/asseguris.com\/es\/wp-json\/wp\/v2\/users\/5"}],"replies":[{"embeddable":true,"href":"https:\/\/asseguris.com\/es\/wp-json\/wp\/v2\/comments?post=19406"}],"version-history":[{"count":0,"href":"https:\/\/asseguris.com\/es\/wp-json\/wp\/v2\/posts\/19406\/revisions"}],"wp:featuredmedia":[{"embeddable":true,"href":"https:\/\/asseguris.com\/es\/wp-json\/wp\/v2\/media\/20432"}],"wp:attachment":[{"href":"https:\/\/asseguris.com\/es\/wp-json\/wp\/v2\/media?parent=19406"}],"wp:term":[{"taxonomy":"category","embeddable":true,"href":"https:\/\/asseguris.com\/es\/wp-json\/wp\/v2\/categories?post=19406"},{"taxonomy":"post_tag","embeddable":true,"href":"https:\/\/asseguris.com\/es\/wp-json\/wp\/v2\/tags?post=19406"}],"curies":[{"name":"wp","href":"https:\/\/api.w.org\/{rel}","templated":true}]}}